{"id":1492,"date":"2023-12-01T14:32:42","date_gmt":"2023-12-01T14:32:42","guid":{"rendered":""},"modified":"-0001-11-30T00:00:00","modified_gmt":"-0001-11-29T22:00:00","slug":"","status":"publish","type":"post","link":"http:\/\/www.chapelle-crecy.com\/?p=1492","title":{"rendered":"Annonces du 2 au 10 d\u00e9cembre 2023"},"content":{"rendered":"<div align=\"justify\">Voici les annonces de la p\u00e9riode du samedi 2 au dimanche 10 d\u00e9cembre 2023 pour la paroisse des 3 clochers Cr\u00e9cy-la-Chapelle, Villiers-sur-Morin, Voulangis. <\/p>\n<p>Samedi 2 d\u00e9cembre &#8211; Pas de messe.<br \/>\nDimanche 3 d\u00e9cembre 10 h 30 &#8211; Messe \u00e0\u00a0 Cr\u00e9cy.<br \/>\nSamedi 9 d\u00e9cembre &#8211; 18 h 30  &#8211; Messe \u00e0\u00a0 Voulangis.<br \/>\nDimanche 10 d\u00e9cembre 10 h 30 &#8211; Messe \u00e0\u00a0 Cr\u00e9cy.<br \/>\nTous les d\u00e9tails dans suite &#8230; <\/div>\n<div align=\"center\">\n<table bgcolor =\"FBF6F6\" border=0>\n<tbody>\n<tr>\n<td width=250><font color=\"8080F0\"><\/p>\n<div align=\"center\"><img decoding=\"async\" src=\"\/IMG\/personnes\/Francois-xavier.jpg\" width=220><br \/><i>Saint Fran\u00e7ois-Xavier<\/i>\n<\/div>\n<p><\/font><\/td>\n<td width=450><font color=\"8080F0\"><\/p>\n<div align=\"left\">\n<b>Samedi 2 d\u00e9cembre<\/b><br \/>\nPas de messe.<\/p>\n<p><b>Dimanche 3 d\u00e9cembre<\/b><br \/>\n<i>Premier Dimanche de l&rsquo;AVENT<\/i><br \/>\n<i>Saint Fran\u00e7ois-Xavier<\/i><br \/>\n10 h 30 &#8211; Messe \u00e0 Cr\u00e9cy pour jean et Simone BLAVIER, et pour Bernard CHAUVIN inhum\u00e9 cette semaine.<br \/>Qu\u00eate en fin de messe pour les chantiers du cardinal. Vente des couronnes de l&rsquo;Avent.<\/p>\n<p><b>Lundi 4 d\u00e9cembre<\/b><br \/>\n14 h 30 &#8211; R\u00e9union  de l&rsquo;Equipe du Rosaire.<\/p>\n<p><b>Mardi 5 d\u00e9cembre<\/b><br \/>\n9 h  &#8211; Messe \u00e0 St Georges \u00e0 Cr\u00e9cy.<br \/>\n18 h 30 &#8211; R\u00e9p\u00e9tition de la chorale.<br \/>\n20 h \u00e0 21h 30 &#8211; R\u00e9union de l&rsquo;EAP.<\/p>\n<p><b>Mercredi 6 d\u00e9cembre<\/b><br \/>\n20 h 30 &#8211; Groupe de pri\u00e8re \u00e0 Cr\u00e9cy.<\/font><\/td>\n<\/tr>\n<\/tbody>\n<\/table>\n<table bgcolor =\"F0FFF0\" border=0>\n<tbody>\n<tr>\n<td width=450><font color=\"00FF00\"><\/p>\n<div align=\"left\">\n<b>Jeudi 7 d\u00e9cembre<\/b><br \/>\n9 h  &#8211; Messe \u00e0 St Georges \u00e0 Cr\u00e9cy.<br \/>\n20 h \u00e0 21 h &#8211; Veill\u00e9e de pri\u00e8re \u00e0 la Vierge Marie.<\/p>\n<p><b>Vendredi 8 d\u00e9cembre<\/b><br \/>\n<i>F\u00eate de l&rsquo;Immacul\u00e9e Conception<\/i><br \/>\n18 h &#8211; Messe \u00e0 Cr\u00e9cy, suivie de l&rsquo;adoration du Saint Sacrement.<\/p>\n<p><b>Samedi 9 d\u00e9cembre<\/b><br \/>\nde 10h \u00e0 12h &#8211; Confessions \u00e0 Cr\u00e9cy.<br \/>\n18 h 30 &#8211; Messe \u00e0 Voulangis pour Hayat NGUYEN VAN.<\/p>\n<p><b>Dimanche 10 d\u00e9cembre<\/b><br \/>\n<i>Deuxi\u00e8me dimanche de l&rsquo;AVENT<\/i><br \/>\n10 h 30 &#8211; Messe \u00e0 Cr\u00e9cy.<br \/>\n<\/font><\/td>\n<td width=250><font color=\"00FF00\"><\/p>\n<div align=\"center\"><img decoding=\"async\" src=\"\/IMG\/personnes\/immaculee_conception.jpg\" width=220><br \/><i>L&rsquo;immacul\u00e9e conception<\/i>\n<\/div>\n<p><\/font><\/td>\n<\/tr>\n<\/tbody>\n<\/table>\n<\/div>\n","protected":false},"excerpt":{"rendered":"<p>Voici les annonces de la p\u00e9riode du samedi 2 au dimanche 10 d\u00e9cembre 2023 pour la paroisse des 3 clochers Cr\u00e9cy-la-Chapelle, Villiers-sur-Morin, Voulangis. Samedi 2 d\u00e9cembre &#8211; Pas de messe. Dimanche 3 d\u00e9cembre 10&#46;&#46;&#46;<\/p>\n","protected":false},"author":2,"featured_media":0,"comment_status":"open","ping_status":"open","sticky":false,"template":"","format":"standard","meta":{"footnotes":""},"categories":[],"tags":[],"class_list":["post-1492","post","type-post","status-publish","format-standard","hentry"],"_links":{"self":[{"href":"http:\/\/www.chapelle-crecy.com\/index.php?rest_route=\/wp\/v2\/posts\/1492","targetHints":{"allow":["GET"]}}],"collection":[{"href":"http:\/\/www.chapelle-crecy.com\/index.php?rest_route=\/wp\/v2\/posts"}],"about":[{"href":"http:\/\/www.chapelle-crecy.com\/index.php?rest_route=\/wp\/v2\/types\/post"}],"author":[{"embeddable":true,"href":"http:\/\/www.chapelle-crecy.com\/index.php?rest_route=\/wp\/v2\/users\/2"}],"replies":[{"embeddable":true,"href":"http:\/\/www.chapelle-crecy.com\/index.php?rest_route=%2Fwp%2Fv2%2Fcomments&post=1492"}],"version-history":[{"count":0,"href":"http:\/\/www.chapelle-crecy.com\/index.php?rest_route=\/wp\/v2\/posts\/1492\/revisions"}],"wp:attachment":[{"href":"http:\/\/www.chapelle-crecy.com\/index.php?rest_route=%2Fwp%2Fv2%2Fmedia&parent=1492"}],"wp:term":[{"taxonomy":"category","embeddable":true,"href":"http:\/\/www.chapelle-crecy.com\/index.php?rest_route=%2Fwp%2Fv2%2Fcategories&post=1492"},{"taxonomy":"post_tag","embeddable":true,"href":"http:\/\/www.chapelle-crecy.com\/index.php?rest_route=%2Fwp%2Fv2%2Ftags&post=1492"}],"curies":[{"name":"wp","href":"https:\/\/api.w.org\/{rel}","templated":true}]}}