{"id":1495,"date":"2023-12-04T13:26:11","date_gmt":"2023-12-04T13:26:11","guid":{"rendered":""},"modified":"-0001-11-30T00:00:00","modified_gmt":"-0001-11-29T22:00:00","slug":"","status":"publish","type":"post","link":"http:\/\/www.chapelle-crecy.com\/?p=1495","title":{"rendered":"Avent 2023"},"content":{"rendered":"<div align=\"justify\">Vous le savez, le cycle de l&rsquo;ann\u00e9e liturgique, qui va du 1er dimanche de l&rsquo;Avent au dimanche du Christ Roi, est une organisation coh\u00e9rente des temps forts et des temps faibles au cours desquels se d\u00e9ploie tout le Myst\u00e8re du Christ. <br \/>\nIl reprend les grands moments qui ont jalonn\u00e9 la vie de J\u00e9sus, prend sa source dans sa mort et sa r\u00e9surrection et fait revivre aux fid\u00e8les les \u00e9tapes de l&rsquo;histoire du salut.<br \/>\nEn effet, trois affirmations sont \u00e0\u00a0 retenir et \u00e0\u00a0 tenir ensemble : 1. L&rsquo;ann\u00e9e liturgique, par la r\u00e9p\u00e9tition des rites, assure aux fid\u00e8les une compr\u00e9hension et une appropriation graduelles des myst\u00e8res du Christ (f\u00eates liturgiques). <br \/>\n2. Nos f\u00eates de l&rsquo;ann\u00e9e contiennent et actualisent toutes le Myst\u00e8re du Christ (le salut). <br \/>3. Chaque instant de la vie de J\u00e9sus, tout en \u00e9tant en soi une invitation \u00e0\u00a0 accueillir Dieu dans l&rsquo;aujourd&rsquo;hui de l&rsquo;existence, nous introduit dans une tension vers le jour de Dieu (l&rsquo;eschatologie). <br \/>\nSur ce, notre mod\u00e8le et notre chef dans l&rsquo;ann\u00e9e liturgique c&rsquo;est J\u00e9sus lui-m\u00eame. Cependant, il n&rsquo;est pas seulement notre mod\u00e8le, il est la Voie qui nous porte et nous conduit \u00e0\u00a0 notre terme. Au cours de toute l&rsquo;ann\u00e9e, la liturgie actualise et rend pr\u00e9sent pour nous l&rsquo;action de Dieu dans le temps et son projet de sauver l&rsquo;humanit\u00e9.<\/div>\n<div align=\"justify\">Selon Louis Bouyer : le temps n&rsquo;est pas un cadre abstrait, et il n&rsquo;est pas non plus ind\u00e9pendant des \u00eatres qui vivent immerg\u00e9s dans son flux.<br \/>\nEn participant chaque jour au Myst\u00e8re et si nous revivons chaque ann\u00e9e toutes ses phases, ce n&rsquo;est pas seulement pour parcourir des cycles de temps qui n&rsquo;auraient pas de fin ;<br \/>\nIls nous conduisent vers notre mort naturelle. Mais notre mort sera chang\u00e9e pour nous, comme elle fut chang\u00e9e pour le Christ. Ayant pris part au Myst\u00e8re selon les lignes de notre vie naturelle, nous assimilerons notre mort naturelle au sacrifice vivifiant du Christ.<br \/>\nGardons aussi constamment que l&rsquo;ann\u00e9e liturgique ne co\u00efncide ni avec l&rsquo;ann\u00e9e civile ni avec l&rsquo;ann\u00e9e scolaire. <br \/>\nNotre naissance au ciel n&rsquo;est pas une participation \u00e0 la naissance du Christ en ce monde, mais \u00e0 sa mort et sa r\u00e9surrection. <br \/>\nEt nos textes du temps de l&rsquo;Avent eux-m\u00eames, pris dans leur sens le plus obvie, expriment non pas un temps d&rsquo;attente de la nativit\u00e9 (la premi\u00e8re venue) qui est d\u00e9j\u00e0 arriv\u00e9e, mais la Parousie qui est encore \u00e0 venir. L&rsquo;Avent est donc plus un temps de pr\u00e9paration \u00e0 la f\u00eate de l&rsquo;Epiphanie que celle de No\u00ebl. <br \/>\nUne chose est s\u00fbre : en jouissant du salut dans le pr\u00e9sent, l&rsquo;ann\u00e9e liturgique nous fait passer du temps historique au temps de Dieu, entra \u00een\u00e9s de mani\u00e8re permanente dans un mouvement vital par le Christ Mystique et son \u00e9pouse (l&rsquo;Eglise). Ainsi, dit saint Augustin, \u00ab par le Christ-Homme nous allons au Christ-Dieu \u00bb.<br \/>\nRestons donc vigilant, en sachant que nous ne c\u00e9l\u00e9brons pas le temps de l&rsquo;Avent en nous repla\u00e7ant dans l&rsquo;\u00e9tat de l&rsquo;humanit\u00e9 non rachet\u00e9e, mais avec la certitude que le Messie a d\u00e9j\u00e0 paru. Nous pr\u00e9parons cependant nos coeurs \u00e0 renouveler sa pr\u00e9sence en nous, et nous cherchons dans l&rsquo;exemple des Justes de l&rsquo;Ancien Testament, dans leur pi\u00e9t\u00e9, dans leurs sentiments, dans leur esp\u00e9rance, le meilleur mod\u00e8le \u00e0 imiter pour cr\u00e9er en nous les dispositions voulues par le Christ-Sauveur !<\/div>\n<p> <br \/>\nP. Antoine DUNIA<\/p>\n","protected":false},"excerpt":{"rendered":"<p>Vous le savez, le cycle de l&rsquo;ann\u00e9e liturgique, qui va du 1er dimanche de l&rsquo;Avent au dimanche du Christ Roi, est une organisation coh\u00e9rente des temps forts et des temps faibles au cours desquels&#46;&#46;&#46;<\/p>\n","protected":false},"author":2,"featured_media":0,"comment_status":"open","ping_status":"open","sticky":false,"template":"","format":"standard","meta":{"footnotes":""},"categories":[],"tags":[],"class_list":["post-1495","post","type-post","status-publish","format-standard","hentry"],"_links":{"self":[{"href":"http:\/\/www.chapelle-crecy.com\/index.php?rest_route=\/wp\/v2\/posts\/1495","targetHints":{"allow":["GET"]}}],"collection":[{"href":"http:\/\/www.chapelle-crecy.com\/index.php?rest_route=\/wp\/v2\/posts"}],"about":[{"href":"http:\/\/www.chapelle-crecy.com\/index.php?rest_route=\/wp\/v2\/types\/post"}],"author":[{"embeddable":true,"href":"http:\/\/www.chapelle-crecy.com\/index.php?rest_route=\/wp\/v2\/users\/2"}],"replies":[{"embeddable":true,"href":"http:\/\/www.chapelle-crecy.com\/index.php?rest_route=%2Fwp%2Fv2%2Fcomments&post=1495"}],"version-history":[{"count":0,"href":"http:\/\/www.chapelle-crecy.com\/index.php?rest_route=\/wp\/v2\/posts\/1495\/revisions"}],"wp:attachment":[{"href":"http:\/\/www.chapelle-crecy.com\/index.php?rest_route=%2Fwp%2Fv2%2Fmedia&parent=1495"}],"wp:term":[{"taxonomy":"category","embeddable":true,"href":"http:\/\/www.chapelle-crecy.com\/index.php?rest_route=%2Fwp%2Fv2%2Fcategories&post=1495"},{"taxonomy":"post_tag","embeddable":true,"href":"http:\/\/www.chapelle-crecy.com\/index.php?rest_route=%2Fwp%2Fv2%2Ftags&post=1495"}],"curies":[{"name":"wp","href":"https:\/\/api.w.org\/{rel}","templated":true}]}}