{"id":1498,"date":"2023-12-14T09:53:15","date_gmt":"2023-12-14T09:53:15","guid":{"rendered":""},"modified":"-0001-11-30T00:00:00","modified_gmt":"-0001-11-29T22:00:00","slug":"","status":"publish","type":"post","link":"http:\/\/www.chapelle-crecy.com\/?p=1498","title":{"rendered":"Chants traditionnels de No\u00ebl"},"content":{"rendered":"<p>Les cr\u00e9\u00e7ois sont invit\u00e9s \u00e0 venir chanter des chants traditionnels  de No\u00ebl sur le mod\u00e8le alsacien, devant la mairie samedi \u00e0 17 h et dimanche matin \u00e0 11 h.<br \/>\n<\/p>\n<div align=\"center\"><img decoding=\"async\" src=\"\/IMG\/vielocale\/chants_noel_2023.jpg\"><\/div>\n","protected":false},"excerpt":{"rendered":"<p>Les cr\u00e9\u00e7ois sont invit\u00e9s \u00e0 venir chanter des chants traditionnels de No\u00ebl sur le mod\u00e8le alsacien, devant la mairie samedi \u00e0 17 h et dimanche matin \u00e0 11 h.<\/p>\n","protected":false},"author":2,"featured_media":0,"comment_status":"open","ping_status":"open","sticky":false,"template":"","format":"standard","meta":{"footnotes":""},"categories":[],"tags":[],"class_list":["post-1498","post","type-post","status-publish","format-standard","hentry"],"_links":{"self":[{"href":"http:\/\/www.chapelle-crecy.com\/index.php?rest_route=\/wp\/v2\/posts\/1498","targetHints":{"allow":["GET"]}}],"collection":[{"href":"http:\/\/www.chapelle-crecy.com\/index.php?rest_route=\/wp\/v2\/posts"}],"about":[{"href":"http:\/\/www.chapelle-crecy.com\/index.php?rest_route=\/wp\/v2\/types\/post"}],"author":[{"embeddable":true,"href":"http:\/\/www.chapelle-crecy.com\/index.php?rest_route=\/wp\/v2\/users\/2"}],"replies":[{"embeddable":true,"href":"http:\/\/www.chapelle-crecy.com\/index.php?rest_route=%2Fwp%2Fv2%2Fcomments&post=1498"}],"version-history":[{"count":0,"href":"http:\/\/www.chapelle-crecy.com\/index.php?rest_route=\/wp\/v2\/posts\/1498\/revisions"}],"wp:attachment":[{"href":"http:\/\/www.chapelle-crecy.com\/index.php?rest_route=%2Fwp%2Fv2%2Fmedia&parent=1498"}],"wp:term":[{"taxonomy":"category","embeddable":true,"href":"http:\/\/www.chapelle-crecy.com\/index.php?rest_route=%2Fwp%2Fv2%2Fcategories&post=1498"},{"taxonomy":"post_tag","embeddable":true,"href":"http:\/\/www.chapelle-crecy.com\/index.php?rest_route=%2Fwp%2Fv2%2Ftags&post=1498"}],"curies":[{"name":"wp","href":"https:\/\/api.w.org\/{rel}","templated":true}]}}