{"id":1499,"date":"2023-12-16T09:37:08","date_gmt":"2023-12-16T09:37:08","guid":{"rendered":""},"modified":"-0001-11-30T00:00:00","modified_gmt":"-0001-11-29T22:00:00","slug":"","status":"publish","type":"post","link":"http:\/\/www.chapelle-crecy.com\/?p=1499","title":{"rendered":"Annonces du 18 au 25 d\u00e9cembre 2023"},"content":{"rendered":"<div align=\"justify\">Voici les annonces de la p\u00e9riode du lundi 18 au lundi 25 d\u00e9cembre 2023 pour la paroisse des 3 clochers Cr\u00e9cy-la-Chapelle, Villiers-sur-Morin, Voulangis. <\/p>\n<p>Samedi 23 d\u00e9cembre &#8211; 18 h 30  &#8211; Messe \u00e0\u00a0 Villiers.<br \/>\nDimanche 24 d\u00e9cembre 10 h 30 &#8211; Messe \u00e0\u00a0 Cr\u00e9cy.<br \/>\n19 h &#8211; Messe de la nuit de No\u00f6l \u00e0\u00a0 Cr\u00e9cy.<br \/>\nLundi 25 d\u00e9cembre &#8211; 10 h 30 &#8211; Messe \u00e0\u00a0 Villiers.<br \/>\nTous les d\u00e9tails dans suite &#8230; <\/div>\n<div align=\"center\">\n<table bgcolor =\"FBF6F6\" border=0>\n<tbody>\n<tr>\n<td width=250><font color=\"8080F0\"><\/p>\n<div align=\"center\"><img decoding=\"async\" src=\"\/IMG\/gif\/noel_nativite030.gif\" width=220><br \/><img decoding=\"async\" src=\"\/IMG\/gif\/noel_nativite008.gif\" width=220>\n<\/div>\n<p><\/font><\/td>\n<td width=450><font color=\"8080F0\"><\/p>\n<div align=\"left\">\n<b>Mardi 19 d\u00e9cembre<\/b><br \/>\n9 h  &#8211; Messe \u00e0 St Georges \u00e0 Cr\u00e9cy.<br \/>\n18 h 30 &#8211; R\u00e9p\u00e9tition de la chorale \u00e0 Cr\u00e9cy.<\/p>\n<p><b>Jeudi 21 d\u00e9cembre<\/b><br \/>\n9 h  &#8211; Messe \u00e0 St Georges \u00e0 Cr\u00e9cy.<\/p>\n<p><b>Vendredi 22 d\u00e9cembre<\/b><br \/>\n18 h &#8211; Messe \u00e0 Cr\u00e9cy, suivie de l&rsquo;adoration du Saint Sacrement.<\/p>\n<p><b>Samedi 23 d\u00e9cembre<\/b><br \/>\n18 h 30 &#8211; Messe \u00e0 Voulangis.<\/p>\n<p><b>Dimanche 24 d\u00e9cembre<\/b><br \/>\n<i>Quatri\u00e8me dimanche de l&rsquo;AVENT<\/i><br \/>\n10 h 30 &#8211; Messe \u00e0 Cr\u00e9cy. <br \/>\n19 &#8211; Messe de la nuit de No\u00ebl \u00e0 Cr\u00e9cy.<\/p>\n<p><b>Lundi 25 d\u00e9cembre<\/b><br \/>\n10 h 30 &#8211; Messe du jour de No\u00ebl \u00e0 Villiers.<br \/>\nOuverture des \u00e9glises pour visites des cr\u00e8ches tous les samedis de 10h \u00e0 12h \u00e0 Cr\u00e9cy et \u00e0 Villiers. Et Vendredi 22 d\u00e9cembre de 16h \u00e0 17h30 \u00e0 Voulangis.<br \/>\n<\/font><\/td>\n<\/tr>\n<\/tbody>\n<\/table>\n<\/div>\n","protected":false},"excerpt":{"rendered":"<p>Voici les annonces de la p\u00e9riode du lundi 18 au lundi 25 d\u00e9cembre 2023 pour la paroisse des 3 clochers Cr\u00e9cy-la-Chapelle, Villiers-sur-Morin, Voulangis. Samedi 23 d\u00e9cembre &#8211; 18 h 30 &#8211; Messe \u00e0\u00a0 Villiers.&#46;&#46;&#46;<\/p>\n","protected":false},"author":2,"featured_media":0,"comment_status":"open","ping_status":"open","sticky":false,"template":"","format":"standard","meta":{"footnotes":""},"categories":[],"tags":[],"class_list":["post-1499","post","type-post","status-publish","format-standard","hentry"],"_links":{"self":[{"href":"http:\/\/www.chapelle-crecy.com\/index.php?rest_route=\/wp\/v2\/posts\/1499","targetHints":{"allow":["GET"]}}],"collection":[{"href":"http:\/\/www.chapelle-crecy.com\/index.php?rest_route=\/wp\/v2\/posts"}],"about":[{"href":"http:\/\/www.chapelle-crecy.com\/index.php?rest_route=\/wp\/v2\/types\/post"}],"author":[{"embeddable":true,"href":"http:\/\/www.chapelle-crecy.com\/index.php?rest_route=\/wp\/v2\/users\/2"}],"replies":[{"embeddable":true,"href":"http:\/\/www.chapelle-crecy.com\/index.php?rest_route=%2Fwp%2Fv2%2Fcomments&post=1499"}],"version-history":[{"count":0,"href":"http:\/\/www.chapelle-crecy.com\/index.php?rest_route=\/wp\/v2\/posts\/1499\/revisions"}],"wp:attachment":[{"href":"http:\/\/www.chapelle-crecy.com\/index.php?rest_route=%2Fwp%2Fv2%2Fmedia&parent=1499"}],"wp:term":[{"taxonomy":"category","embeddable":true,"href":"http:\/\/www.chapelle-crecy.com\/index.php?rest_route=%2Fwp%2Fv2%2Fcategories&post=1499"},{"taxonomy":"post_tag","embeddable":true,"href":"http:\/\/www.chapelle-crecy.com\/index.php?rest_route=%2Fwp%2Fv2%2Ftags&post=1499"}],"curies":[{"name":"wp","href":"https:\/\/api.w.org\/{rel}","templated":true}]}}