{"id":1503,"date":"2024-01-02T13:19:26","date_gmt":"2024-01-02T13:19:26","guid":{"rendered":""},"modified":"-0001-11-30T00:00:00","modified_gmt":"-0001-11-29T22:00:00","slug":"","status":"publish","type":"post","link":"http:\/\/www.chapelle-crecy.com\/?p=1503","title":{"rendered":"Les voeux du P\u00e8re Antoine"},"content":{"rendered":"<table>\n<tbody>\n<tr>\n<td><img decoding=\"async\" src=\"\/IMG\/personnes\/pere-antoine2.jpg\" width=150><\/p>\n<div align=\"justify\"><\/td>\n<td>Chers paroissiens de Cr\u00e9cy-Voulangis-Villiers,<br \/>\nAu d\u00e9but de cette ann\u00e9e nouvelle : Sant\u00e9, bonheur, prosp\u00e9rit\u00e9 \u00e0 chacun de vous !<br \/>\nTels sont les voeux que l&rsquo;on se souhaite habituellement \u00e0 l&rsquo;occasion d&rsquo;une nouvelle ann\u00e9e. Je rajouterai \u00e0 ceux-ci amour. Oui, qu&rsquo;il y ait de l&rsquo;amour dans nos vies. Comme disait Albert Einstein, \u00ab le mal c&rsquo;est quand il n&rsquo;y a pas l&rsquo;amour de Dieu dans le coeur de l&rsquo;homme \u00bb. Alors, s&rsquo;il y a de l&rsquo;amour dans le coeur de l&rsquo;homme, le mal reculera. Peut-on vivre sans amour ? Amour \u00e0 recevoir, amour \u00e0 donner. La vocation d&rsquo;une paroisse est de faire circuler l&rsquo;amour. <\/div>\n<\/td>\n<\/tr>\n<\/tbody>\n<\/table>\n<table>\n<tbody>\n<tr>\n<td>\n<div align=\"justify\">\nJ&rsquo;admire toutes vos initiatives, chacun dans sa mission, vos divers engagements, qui ont marqu\u00e9 l&rsquo;ann\u00e9e 2023 : Le repas des paroissiens \u00e0 la fin de l&rsquo;ann\u00e9e pastorale, la messe de la rentr\u00e9e pastorale, la r\u00e9ouverture de l&rsquo;Eglise de Villiers (un moment fort dans la vie de la paroisse d&rsquo;accueillir le pasteur du dioc\u00e8se qui est venu \u00e0 la rencontre de tous, catholiques pratiquants et non-pratiquants), l&rsquo;accueil des pr\u00eatres du p\u00f4le missionnaire, un bon concert de No\u00ebl avec Coeur R\u00e9sonance suivi d&rsquo;un vin chaud, une belle messe de No\u00ebl ici suivi d&rsquo;un temps convivial, la messe \u00e0 l&rsquo;EHPAD, des belles rencontres de pri\u00e8re en semaine et les dimanches.<br \/>\nJe souhaite que l&rsquo;ann\u00e9e 2024 soit plus fructueuse et joyeuse \u00e0 travers les activit\u00e9s \u00e0 pr\u00e9voir : un partage \u00e0 la bonne franquette avec les paroissiens, la soir\u00e9e saint Valentin avec les couples qui vont se marier et les couples de la paroisse qui le souhaitent, une sortie paroissiale au Sacr\u00e9 Coeur en car\u00eame, des moments d&rsquo;\u00e9change et de formation dans la paroisse, la c\u00e9l\u00e9bration du 2e centenaire de l&rsquo;\u00e9glise de Voulangis en juin prochain, le repas de fin d&rsquo;ann\u00e9e et d&rsquo;autres initiatives que vous proposerez.<br \/>\nC&rsquo;est pourquoi, au nom de toute la paroisse, je vous remercie tr\u00e8s sinc\u00e8rement et chaleureusement pour ce que vous accomplissez dans cette paroisse : tous sans exception en commen\u00e7ant bien par l&rsquo;EAP qui \u00e9labore avec nous le programme de la vie paroisse, je pense \u00e0 tous ceux qui pr\u00e9parent les personnes aux sacrements, ceux et celles qui exercent une mission sp\u00e9cifique dans la paroisse et dans le monde (vous portez l&rsquo;image de la paroisse au monde). Un immense merci pour vos discr\u00e8tes participations \u00e0 notre vie des pr\u00eatres (panier des pr\u00eatres). <br \/>\nNotre objectif commun est de gagner des \u00e2mes au Seigneur \u00e0 travers nos diff\u00e9rentes missions. Pour cela je vous demande sinc\u00e8rement d&rsquo;exercer la mis\u00e9ricorde sur chacun de nous. Quand il y a quelques rat\u00e9s, pas de critique ; quand il y a des choses bien faites, sachons remercier, sachons encourager.<br \/>\nPour ce faire, la paroisse attend des volontaires pour l&rsquo;engagement dans telle ou telle domaine et vous avez eu des feuillets qui vous \u00e9clairent \u00e0 ce sujet. Peut-\u00eatre qu&rsquo;il revient \u00e0 nous qui exer\u00e7ons d\u00e9j\u00e0 une mission de pouvoir appeler. En effet, si chacun de nous essaye d&rsquo;appeler une autre personne pour l&rsquo;aider dans l&rsquo;une ou l&rsquo;autre t\u00e2che, on aura gagn\u00e9 le pari d&rsquo;\u00eatre des appelants. Je sais que c&rsquo;est difficile, parce que parfois on se dit : la personne ne va pas accepter. Et pourtant ! Osons appeler chacun dans sa mission.<br \/>\nSoyons tous cette ann\u00e9e encore des paroissiens heureux, confiants, responsables, ouverts et serviables.<br \/>\nAu nom de la paroisse de nos 3 clochers, sous la houlette du P\u00e8re Thierry Leroy, cur\u00e9 de P\u00f4le, je vous souhaite une heureuse ann\u00e9e pleine de joie et de paix. Bonne ann\u00e9e, sainte ann\u00e9e, bonne sant\u00e9 !<\/div>\n<p>\nP\u00e8re Antoine DUNIA<\/p>\n","protected":false},"excerpt":{"rendered":"<p>Chers paroissiens de Cr\u00e9cy-Voulangis-Villiers, Au d\u00e9but de cette ann\u00e9e nouvelle : Sant\u00e9, bonheur, prosp\u00e9rit\u00e9 \u00e0 chacun de vous ! Tels sont les voeux que l&rsquo;on se souhaite habituellement \u00e0 l&rsquo;occasion d&rsquo;une nouvelle ann\u00e9e. Je&#46;&#46;&#46;<\/p>\n","protected":false},"author":2,"featured_media":0,"comment_status":"open","ping_status":"open","sticky":false,"template":"","format":"standard","meta":{"footnotes":""},"categories":[],"tags":[],"class_list":["post-1503","post","type-post","status-publish","format-standard","hentry"],"_links":{"self":[{"href":"http:\/\/www.chapelle-crecy.com\/index.php?rest_route=\/wp\/v2\/posts\/1503","targetHints":{"allow":["GET"]}}],"collection":[{"href":"http:\/\/www.chapelle-crecy.com\/index.php?rest_route=\/wp\/v2\/posts"}],"about":[{"href":"http:\/\/www.chapelle-crecy.com\/index.php?rest_route=\/wp\/v2\/types\/post"}],"author":[{"embeddable":true,"href":"http:\/\/www.chapelle-crecy.com\/index.php?rest_route=\/wp\/v2\/users\/2"}],"replies":[{"embeddable":true,"href":"http:\/\/www.chapelle-crecy.com\/index.php?rest_route=%2Fwp%2Fv2%2Fcomments&post=1503"}],"version-history":[{"count":0,"href":"http:\/\/www.chapelle-crecy.com\/index.php?rest_route=\/wp\/v2\/posts\/1503\/revisions"}],"wp:attachment":[{"href":"http:\/\/www.chapelle-crecy.com\/index.php?rest_route=%2Fwp%2Fv2%2Fmedia&parent=1503"}],"wp:term":[{"taxonomy":"category","embeddable":true,"href":"http:\/\/www.chapelle-crecy.com\/index.php?rest_route=%2Fwp%2Fv2%2Fcategories&post=1503"},{"taxonomy":"post_tag","embeddable":true,"href":"http:\/\/www.chapelle-crecy.com\/index.php?rest_route=%2Fwp%2Fv2%2Ftags&post=1503"}],"curies":[{"name":"wp","href":"https:\/\/api.w.org\/{rel}","templated":true}]}}