{"id":1504,"date":"2024-01-07T17:47:51","date_gmt":"2024-01-07T17:47:51","guid":{"rendered":""},"modified":"-0001-11-30T00:00:00","modified_gmt":"-0001-11-29T22:00:00","slug":"","status":"publish","type":"post","link":"http:\/\/www.chapelle-crecy.com\/?p=1504","title":{"rendered":"Annonces du 8 au 14 janvier 2024"},"content":{"rendered":"<div align=\"justify\">Voici les annonces de la p\u00e9riode du lundi 8 au dimanche 14 janvier 2024 pour la paroisse des 3 clochers Cr\u00e9cy-la-Chapelle, Villiers-sur-Morin, Voulangis. <\/p>\n<p>Samedi 13 janvier &#8211; 18 h 30 &#8211; Messe \u00e0\u00a0 Voulangis.<br \/>\nDimanche 14 janvier &#8211; 10 h 30 &#8211; Messe \u00e0\u00a0 Cr\u00e9cy. <br \/>\nTous les d\u00e9tails dans suite &#8230; <\/div>\n<div align=\"center\">\n<table bgcolor =\"FBF6F6\" border=0>\n<tbody>\n<tr>\n<td width=250><font color=\"8080F0\"><\/p>\n<div align=\"center\">\n<img decoding=\"async\" src=\"\/IMG\/personnes\/guillaume.jpg\" width=120><br \/><i>Saint Guillaume <br \/>(f\u00eat\u00e9 le 10 janvier)<br \/><\/i><img decoding=\"async\" src=\"\/IMG\/personnes\/hilaire.jpg\" width=160><br \/><i>Saint Hilaire<\/i>\n<\/div>\n<p><\/font><\/td>\n<td width=450><font color=\"8080F0\"><\/p>\n<div align=\"left\">\n<b>Lundi 8 janvier<\/b><br \/>\n<i>Bapt\u00eame du Seigneur<\/i><br \/>\n9 h &#8211; Messe \u00e0 Cr\u00e9cy.<\/p>\n<p><b>Mardi 9 janvier<\/b><br \/>\n9 h  &#8211; Messe \u00e0 St Georges \u00e0 Cr\u00e9cy.<br \/>\n20 h &#8211; R\u00e9union de l&rsquo;EAP.<\/p>\n<p><b>Jeudi 11 janvier<\/b><br \/>\n9 h  &#8211; Messe \u00e0 St Georges \u00e0 Cr\u00e9cy.<\/p>\n<p><b>Vendredi 12 janvier<\/b><br \/>\n9 h &#8211; Messe \u00e0 CR\u00e9cy.<br \/>\n18 h 30 &#8211; R\u00e9union de l&rsquo;\u00e9quipe d&rsquo;Accueil.<\/p>\n<p><b>Samedi 13 janvier<\/b><br \/>\n<i>Saint Hilaire<\/i><br \/>\n16 h &#8211; Mariage \u00e0 Cr\u00e9cy de Cyril SAINTE CLUQUE et Anne-Sophie BERTHENEY.<br \/>\n18 h 30 &#8211; Messe \u00e0 Voulangis.<\/p>\n<p><b>Dimanche 14 janvier<\/b><br \/>\n10 h 30 &#8211; Messe \u00e0 Cr\u00e9cy.<br \/>\n<\/font><\/td>\n<\/tr>\n<\/tbody>\n<\/table>\n<\/div>\n","protected":false},"excerpt":{"rendered":"<p>Voici les annonces de la p\u00e9riode du lundi 8 au dimanche 14 janvier 2024 pour la paroisse des 3 clochers Cr\u00e9cy-la-Chapelle, Villiers-sur-Morin, Voulangis. Samedi 13 janvier &#8211; 18 h 30 &#8211; Messe \u00e0\u00a0 Voulangis.&#46;&#46;&#46;<\/p>\n","protected":false},"author":2,"featured_media":0,"comment_status":"open","ping_status":"open","sticky":false,"template":"","format":"standard","meta":{"footnotes":""},"categories":[],"tags":[],"class_list":["post-1504","post","type-post","status-publish","format-standard","hentry"],"_links":{"self":[{"href":"http:\/\/www.chapelle-crecy.com\/index.php?rest_route=\/wp\/v2\/posts\/1504","targetHints":{"allow":["GET"]}}],"collection":[{"href":"http:\/\/www.chapelle-crecy.com\/index.php?rest_route=\/wp\/v2\/posts"}],"about":[{"href":"http:\/\/www.chapelle-crecy.com\/index.php?rest_route=\/wp\/v2\/types\/post"}],"author":[{"embeddable":true,"href":"http:\/\/www.chapelle-crecy.com\/index.php?rest_route=\/wp\/v2\/users\/2"}],"replies":[{"embeddable":true,"href":"http:\/\/www.chapelle-crecy.com\/index.php?rest_route=%2Fwp%2Fv2%2Fcomments&post=1504"}],"version-history":[{"count":0,"href":"http:\/\/www.chapelle-crecy.com\/index.php?rest_route=\/wp\/v2\/posts\/1504\/revisions"}],"wp:attachment":[{"href":"http:\/\/www.chapelle-crecy.com\/index.php?rest_route=%2Fwp%2Fv2%2Fmedia&parent=1504"}],"wp:term":[{"taxonomy":"category","embeddable":true,"href":"http:\/\/www.chapelle-crecy.com\/index.php?rest_route=%2Fwp%2Fv2%2Fcategories&post=1504"},{"taxonomy":"post_tag","embeddable":true,"href":"http:\/\/www.chapelle-crecy.com\/index.php?rest_route=%2Fwp%2Fv2%2Ftags&post=1504"}],"curies":[{"name":"wp","href":"https:\/\/api.w.org\/{rel}","templated":true}]}}