{"id":1505,"date":"2024-01-12T20:35:15","date_gmt":"2024-01-12T20:35:15","guid":{"rendered":""},"modified":"-0001-11-30T00:00:00","modified_gmt":"-0001-11-29T22:00:00","slug":"","status":"publish","type":"post","link":"http:\/\/www.chapelle-crecy.com\/?p=1505","title":{"rendered":"Annonces du 15 au 21 janvier 2024"},"content":{"rendered":"<div align=\"justify\">Voici les annonces de la p\u00e9riode du lundi 15 au dimanche 21 janvier 2024 pour la paroisse des 3 clochers Cr\u00e9cy-la-Chapelle, Villiers-sur-Morin, Voulangis. <\/p>\n<p>Samedi 20 janvier &#8211; 18 h 30  &#8211; Messe \u00e0\u00a0 Villiers.<br \/>\nDimanche 21 janvier &#8211; 10 h 30 &#8211; Messe \u00e0\u00a0 Cr\u00e9cy. <br \/>\nTous les d\u00e9tails dans suite &#8230; <\/div>\n<div align=\"center\">\n<table bgcolor =\"FBF6F6\" border=0>\n<tbody>\n<tr>\n<td width=250><font color=\"8080F0\"><\/p>\n<div align=\"center\"><img decoding=\"async\" src=\"\/IMG\/personnes\/marcel.jpg\" width=190><br \/>Saint Marcel<br \/><img decoding=\"async\" src=\"\/IMG\/personnes\/fabien.jpg\" width=190><br \/>Saint Fabien\n<\/div>\n<p><\/font><\/td>\n<td width=450><font color=\"8080F0\"><\/p>\n<div align=\"left\">\n<b>Mardi 16 janvier<\/b><br \/>\n<i>Saint Marcel<\/i><br \/>\n11 h &#8211; Messe \u00e0 Cr\u00e9cy.<br \/>\n18 h 30 &#8211; R\u00e9union de la chorale.<\/p>\n<p><b>Mercredi 17 janvier<\/b><br \/>\n20 h 30 &#8211; R\u00e9union du groupe de pri\u00e8re \u00e0 Cr\u00e9cy.<\/p>\n<p><b>Jeudi 18 janvier<\/b><br \/>\n9 h  &#8211; Messe \u00e0 Cr\u00e9cy.<\/p>\n<p><b>Vendredi 19 janvier<\/b><br \/>\n9 h  &#8211; Messe \u00e0 Cr\u00e9cy.<\/p>\n<p><b>Samedi 20 janvier<\/b><br \/>\n<i>Saint Fabien<\/i><br \/>\n18 h 30 &#8211; Messe \u00e0 Villiers.<\/p>\n<p><b>Dimanche 21 janvier<\/b><br \/>\n10 h 30 &#8211; Messe \u00e0 Cr\u00e9cy. <br \/>\nSamedi 20 et dimanche 21 : qu\u00eate pour les s\u00e9minaristes. <\/p>\n<p>\n<\/font><\/td>\n<\/tr>\n<\/tbody>\n<\/table>\n<\/div>\n","protected":false},"excerpt":{"rendered":"<p>Voici les annonces de la p\u00e9riode du lundi 15 au dimanche 21 janvier 2024 pour la paroisse des 3 clochers Cr\u00e9cy-la-Chapelle, Villiers-sur-Morin, Voulangis. Samedi 20 janvier &#8211; 18 h 30 &#8211; Messe \u00e0\u00a0 Villiers.&#46;&#46;&#46;<\/p>\n","protected":false},"author":2,"featured_media":0,"comment_status":"open","ping_status":"open","sticky":false,"template":"","format":"standard","meta":{"footnotes":""},"categories":[],"tags":[],"class_list":["post-1505","post","type-post","status-publish","format-standard","hentry"],"_links":{"self":[{"href":"http:\/\/www.chapelle-crecy.com\/index.php?rest_route=\/wp\/v2\/posts\/1505","targetHints":{"allow":["GET"]}}],"collection":[{"href":"http:\/\/www.chapelle-crecy.com\/index.php?rest_route=\/wp\/v2\/posts"}],"about":[{"href":"http:\/\/www.chapelle-crecy.com\/index.php?rest_route=\/wp\/v2\/types\/post"}],"author":[{"embeddable":true,"href":"http:\/\/www.chapelle-crecy.com\/index.php?rest_route=\/wp\/v2\/users\/2"}],"replies":[{"embeddable":true,"href":"http:\/\/www.chapelle-crecy.com\/index.php?rest_route=%2Fwp%2Fv2%2Fcomments&post=1505"}],"version-history":[{"count":0,"href":"http:\/\/www.chapelle-crecy.com\/index.php?rest_route=\/wp\/v2\/posts\/1505\/revisions"}],"wp:attachment":[{"href":"http:\/\/www.chapelle-crecy.com\/index.php?rest_route=%2Fwp%2Fv2%2Fmedia&parent=1505"}],"wp:term":[{"taxonomy":"category","embeddable":true,"href":"http:\/\/www.chapelle-crecy.com\/index.php?rest_route=%2Fwp%2Fv2%2Fcategories&post=1505"},{"taxonomy":"post_tag","embeddable":true,"href":"http:\/\/www.chapelle-crecy.com\/index.php?rest_route=%2Fwp%2Fv2%2Ftags&post=1505"}],"curies":[{"name":"wp","href":"https:\/\/api.w.org\/{rel}","templated":true}]}}