{"id":1507,"date":"2024-01-20T07:52:58","date_gmt":"2024-01-20T07:52:58","guid":{"rendered":""},"modified":"-0001-11-30T00:00:00","modified_gmt":"-0001-11-29T22:00:00","slug":"","status":"publish","type":"post","link":"http:\/\/www.chapelle-crecy.com\/?p=1507","title":{"rendered":"Annonces du 22 au 28 janvier 2024"},"content":{"rendered":"<div align=\"justify\">Voici les annonces de la p\u00e9riode du lundi 22 au dimanche 28 janvier 2024 pour la paroisse des 3 clochers Cr\u00e9cy-la-Chapelle, Villiers-sur-Morin, Voulangis. <\/p>\n<p>Samedi 27 janvier &#8211; 18 h 30  &#8211; Messe \u00e0\u00a0 Voulangis.<br \/>\nDimanche 28 janvier &#8211; 10 h 30 &#8211; Messe \u00e0\u00a0 Cr\u00e9cy. <br \/>\nTous les d\u00e9tails dans suite &#8230; <\/div>\n<div align=\"center\">\n<table bgcolor =\"FBF6F6\" border=0>\n<tbody>\n<tr>\n<td width=250><font color=\"8080F0\"><\/p>\n<div align=\"center\"><img decoding=\"async\" src=\"\/IMG\/personnes\/angela_merici.jpg\" width=190><br \/><i>Sainte Agnela Merici<\/i>\n<\/div>\n<p><\/font><\/td>\n<td width=450><font color=\"8080F0\"><\/p>\n<div align=\"left\">\n<b>Mardi 23 janvier<\/b><br \/>\n9 h &#8211; Messe \u00e0 Cr\u00e9cy.<\/p>\n<p><b>Jeudi 25 janvier<\/b><br \/>\n9 h  &#8211; Messe \u00e0 Cr\u00e9cy.<\/p>\n<p><b>Vendredi 26 janvier<\/b><br \/>\n18 h  &#8211; Messe \u00e0 Cr\u00e9cy suivie de l&rsquo;adoration du Saint Sacrement.<\/p>\n<p><b>Samedi 27 janvier<\/b><br \/>\n<i>Sainte Agnela Merici<\/i><br \/>\n18 h 30 &#8211; Messe \u00e0 Voulangis pour Anne-Marie et Georges PAQUET.<\/p>\n<p><b>Dimanche 28 janvier<\/b><br \/>\n10 h 30 &#8211; Messe \u00e0 Cr\u00e9cy pour Gaby et PIerre BEAUMONT et Maurice MEUNIER.<br \/>\n<\/font><\/td>\n<\/tr>\n<\/tbody>\n<\/table>\n<\/div>\n","protected":false},"excerpt":{"rendered":"<p>Voici les annonces de la p\u00e9riode du lundi 22 au dimanche 28 janvier 2024 pour la paroisse des 3 clochers Cr\u00e9cy-la-Chapelle, Villiers-sur-Morin, Voulangis. Samedi 27 janvier &#8211; 18 h 30 &#8211; Messe \u00e0\u00a0 Voulangis.&#46;&#46;&#46;<\/p>\n","protected":false},"author":2,"featured_media":0,"comment_status":"open","ping_status":"open","sticky":false,"template":"","format":"standard","meta":{"footnotes":""},"categories":[],"tags":[],"class_list":["post-1507","post","type-post","status-publish","format-standard","hentry"],"_links":{"self":[{"href":"http:\/\/www.chapelle-crecy.com\/index.php?rest_route=\/wp\/v2\/posts\/1507","targetHints":{"allow":["GET"]}}],"collection":[{"href":"http:\/\/www.chapelle-crecy.com\/index.php?rest_route=\/wp\/v2\/posts"}],"about":[{"href":"http:\/\/www.chapelle-crecy.com\/index.php?rest_route=\/wp\/v2\/types\/post"}],"author":[{"embeddable":true,"href":"http:\/\/www.chapelle-crecy.com\/index.php?rest_route=\/wp\/v2\/users\/2"}],"replies":[{"embeddable":true,"href":"http:\/\/www.chapelle-crecy.com\/index.php?rest_route=%2Fwp%2Fv2%2Fcomments&post=1507"}],"version-history":[{"count":0,"href":"http:\/\/www.chapelle-crecy.com\/index.php?rest_route=\/wp\/v2\/posts\/1507\/revisions"}],"wp:attachment":[{"href":"http:\/\/www.chapelle-crecy.com\/index.php?rest_route=%2Fwp%2Fv2%2Fmedia&parent=1507"}],"wp:term":[{"taxonomy":"category","embeddable":true,"href":"http:\/\/www.chapelle-crecy.com\/index.php?rest_route=%2Fwp%2Fv2%2Fcategories&post=1507"},{"taxonomy":"post_tag","embeddable":true,"href":"http:\/\/www.chapelle-crecy.com\/index.php?rest_route=%2Fwp%2Fv2%2Ftags&post=1507"}],"curies":[{"name":"wp","href":"https:\/\/api.w.org\/{rel}","templated":true}]}}