{"id":151,"date":"2009-08-23T22:30:00","date_gmt":"2009-08-23T22:30:00","guid":{"rendered":""},"modified":"-0001-11-30T00:00:00","modified_gmt":"-0001-11-29T22:00:00","slug":"","status":"publish","type":"post","link":"http:\/\/www.chapelle-crecy.com\/?p=151","title":{"rendered":"Annonces de la semaine du 24 aout au 30 aout 2009"},"content":{"rendered":"<table bgcolor =\"F0FAFF\" border=0>\n<tbody>\n<tr>\n<td>\n<div align=\"justify\">\n<div \"64\">Voici les annonces de la semaine du lundi 24 au 30 aout pour la paroisse des 3 clochers Cr\u00e9cy-la-Chapelle, Villiers-sur-Morin, Voulangis.<\/div>\n<\/div>\n<\/td>\n<\/tr>\n<\/tbody>\n<\/table>\n<table bgcolor =\"F0FAFF\" border=1>\n<tbody>\n<tr>\n<td width=120><font color=\"0020FF\">Lundi 24 aout<\/font><\/td>\n<td><font color=\"0020FF\">9 h &#8211; Messe \u00e0 Cr\u00e9cy pour Michelin et Franck ANDSELL.<\/font><\/td>\n<\/tr>\n<tr>\n<td><font color=\"0020FF\">Mardi 25 aout<\/font><\/td>\n<td><font color=\"0020FF\">17 h &#8211;  Messe \u00e0 la maison de retraite pour Gratienne DELAGE.<\/font><\/td>\n<\/tr>\n<tr>\n<td><font color=\"0020FF\">Mercredi 26 aout<\/font><\/td>\n<td><font color=\"0020FF\">18 h &#8211;  Messe \u00e0 Cr\u00e9cy pour Gilberte TASSAN.<\/font><\/td>\n<\/tr>\n<tr>\n<td><font color=\"0020FF\">Jeudi 27 aout<\/font><\/td>\n<td><font color=\"0020FF\">9 h &#8211;  Messe \u00e0 Cr\u00e9cy pour Yvonne FERNANDEZ.<\/font><\/td>\n<\/tr>\n<tr>\n<td><font color=\"0020FF\">Vendredi 28 aout<\/font><\/td>\n<td><font color=\"0020FF\">16 h &#8211;  R\u00e9union de rentr\u00e9e de l&rsquo;\u00e9quipe du Rosaire \u00e0 l&rsquo;\u00e9glise de Cr\u00e9cy.<br \/>17 h &#8211;  Messe \u00e0 Cr\u00e9cy pour Ren\u00e9 et Lucienne CHARPIGNON.<\/font><\/td>\n<\/tr>\n<tr>\n<td><font color=\"0020FF\">Samedi 29 aout<\/font><\/td>\n<td><font color=\"0020FF\">11 h &#8211; A Cr\u00e9cy, bapt\u00eame de Kyllian GIGAN.<\/font><\/td>\n<\/tr>\n<tr>\n<td><font color=\"0020FF\">Dimanche 30 aout<\/font><\/td>\n<td><font color=\"0020FF\">10 h 30   Messe \u00e0 Cr\u00e9cy pour Herv\u00e9 DEFLANDRE.<\/font><\/td>\n<\/tr>\n<\/tbody>\n<\/table>\n<\/td>\n<\/tbody>\n<\/table>\n","protected":false},"excerpt":{"rendered":"<p>Voici les annonces de la semaine du lundi 24 au 30 aout pour la paroisse des 3 clochers Cr\u00e9cy-la-Chapelle, Villiers-sur-Morin, Voulangis. Lundi 24 aout 9 h &#8211; Messe \u00e0 Cr\u00e9cy pour Michelin et Franck&#46;&#46;&#46;<\/p>\n","protected":false},"author":2,"featured_media":0,"comment_status":"open","ping_status":"open","sticky":false,"template":"","format":"standard","meta":{"footnotes":""},"categories":[],"tags":[],"class_list":["post-151","post","type-post","status-publish","format-standard","hentry"],"_links":{"self":[{"href":"http:\/\/www.chapelle-crecy.com\/index.php?rest_route=\/wp\/v2\/posts\/151","targetHints":{"allow":["GET"]}}],"collection":[{"href":"http:\/\/www.chapelle-crecy.com\/index.php?rest_route=\/wp\/v2\/posts"}],"about":[{"href":"http:\/\/www.chapelle-crecy.com\/index.php?rest_route=\/wp\/v2\/types\/post"}],"author":[{"embeddable":true,"href":"http:\/\/www.chapelle-crecy.com\/index.php?rest_route=\/wp\/v2\/users\/2"}],"replies":[{"embeddable":true,"href":"http:\/\/www.chapelle-crecy.com\/index.php?rest_route=%2Fwp%2Fv2%2Fcomments&post=151"}],"version-history":[{"count":0,"href":"http:\/\/www.chapelle-crecy.com\/index.php?rest_route=\/wp\/v2\/posts\/151\/revisions"}],"wp:attachment":[{"href":"http:\/\/www.chapelle-crecy.com\/index.php?rest_route=%2Fwp%2Fv2%2Fmedia&parent=151"}],"wp:term":[{"taxonomy":"category","embeddable":true,"href":"http:\/\/www.chapelle-crecy.com\/index.php?rest_route=%2Fwp%2Fv2%2Fcategories&post=151"},{"taxonomy":"post_tag","embeddable":true,"href":"http:\/\/www.chapelle-crecy.com\/index.php?rest_route=%2Fwp%2Fv2%2Ftags&post=151"}],"curies":[{"name":"wp","href":"https:\/\/api.w.org\/{rel}","templated":true}]}}