{"id":155,"date":"2009-09-05T13:20:00","date_gmt":"2009-09-05T13:20:00","guid":{"rendered":""},"modified":"-0001-11-30T00:00:00","modified_gmt":"-0001-11-29T22:00:00","slug":"","status":"publish","type":"post","link":"http:\/\/www.chapelle-crecy.com\/?p=155","title":{"rendered":"Annonces de la semaine du 6 au 13 septembre 2009"},"content":{"rendered":"<table bgcolor =\"F0FAFF\" border=0>\n<tbody>\n<tr>\n<td>\n<div align=\"justify\">\n<div \"68\">Voici les annonces de la semaine du dimanche 6 au dimanche 13 septembre pour la paroisse des 3 clochers Cr\u00e9cy-la-Chapelle, Villiers-sur-Morin, Voulangis.<\/div>\n<p>\n<\/div>\n<\/td>\n<\/tr>\n<\/tbody>\n<\/table>\n<table bgcolor =\"F0FAFF\" border=1>\n<tbody>\n<tr>\n<td><font color=\"0020FF\">Dimanche 6 septembre<\/font><\/td>\n<td><font color=\"0020FF\">10 h 30   <font color=\"FF0000\">La Messe \u00e0 Cr\u00e9cy sera c\u00e9l\u00e9br\u00e9e par le P\u00e8re Ev\u00eaque <\/fonT> avec une intention particuli\u00e8re pour la famille BLAVIER-RONDEL.<\/font><\/td>\n<\/tr>\n<tr>\n<td width=150><font color=\"0020FF\">Lundi 7 septembre<\/font><\/td>\n<td><font color=\"0020FF\">9 h &#8211; Messe \u00e0 Cr\u00e9cy pour les Ames du purgatoire.<br \/>\n14 h 30 &#8211; R\u00e9union LCE (Lourdes Cancer Esp\u00e9rance) \u00e0 la salle paroissiale.<br \/>\n14 h 30 &#8211; R\u00e9union de l&rsquo;\u00e9quipe du rosaire chez Mme LOUIS.<br \/>\n20 h 30 &#8211; R\u00e9union des cat\u00e9chistes.<\/font><\/td>\n<\/tr>\n<tr>\n<td><font color=\"0020FF\">Mardi 8 septembre<\/font><\/td>\n<td><font color=\"0020FF\">17 h &#8211;  Messe \u00e0 la maison de retraite pour Bruno GRANDIDIER.<\/font><\/td>\n<\/tr>\n<tr>\n<td><font color=\"0020FF\">Mercredi 9 septembre<\/font><\/td>\n<td><font color=\"0020FF\">9 h &#8211;  Messe \u00e0 Cr\u00e9cy pour Michel COTTIN.<br \/>\n10 h 30 &#8211;  Obs\u00e8ques de Daniel DWORZECKI \u00e0 Voulangis .<br \/>\n20 h &#8211;  A la salle Ste C\u00e9line, \u00e0 Meaux, r\u00e9p\u00e9tition  pour les musiciens uniquement, de la Messe de p\u00f4le du 27 septembre \u00e0 la coll\u00e9giale.<\/font><\/td>\n<\/tr>\n<tr>\n<td><font color=\"0020FF\">Jeudi 10 septembre<\/font><\/td>\n<td><font color=\"0020FF\">9 h &#8211;  Messe \u00e0 Cr\u00e9cy pour la famille GORRET-MICHAUT.<br \/>\n20 h &#8211;  A l&rsquo;\u00e9glise Saint-Nicolas, \u00e0 Meaux, r\u00e9p\u00e9tition pour la chorale uniquement, de la Messe de p\u00f4le du 27 septembre \u00e0 la coll\u00e9giale.<\/font><\/td>\n<\/tr>\n<tr>\n<td><font color=\"0020FF\">Vendredi 11 septembre<\/font><\/td>\n<td><font color=\"0020FF\">20 h 30 &#8211;  R\u00e9union des parents du MEJ.<br \/>\n20 h 30 &#8211;  A la salle Ste C\u00e9line, \u00e0 Meaux, pr\u00e9paration de la Messe de p\u00f4le du 27 septembre.<\/font><\/td>\n<\/tr>\n<tr>\n<td><font color=\"0020FF\">Samedi 12 septembre<\/font><\/td>\n<td><font color=\"0020FF\">11 h &#8211;  A la coll\u00e9giale, mariage de Tristan CHEVREIL de La RIVIERE et Aurore de MONCHY.<br \/>\n18 h 30 &#8211;  R\u00e9union de rentr\u00e9e de l&rsquo;Aumonerie \u00e0 la salle paroissiale.<\/font><\/td>\n<\/tr>\n<tr>\n<td><font color=\"0020FF\">Dimanche 13 septembre<\/font><\/td>\n<td><font color=\"0020FF\">10 h 30   Messe d&rsquo;action de gr\u00e2ce pour Aur\u00e9lie et Tristan, ainsi que pour les 25 ans de sacerdoce du P\u00e8re F\u00e9lix BEKALO. <br \/><font color=\"FF0000\">La Messe sera c\u00e9l\u00e9br\u00e9e par le P\u00e8re Ev\u00eaque.<br \/><\/fonT><br \/>\n11 h 45   Bapt\u00eame de Charlotte et Enzo BERTRAND et d&rsquo;Olivia ANTONELLI. <\/font><\/td>\n<\/tr>\n<\/tbody>\n<\/table>\n<\/td>\n<\/tbody>\n<\/table>\n","protected":false},"excerpt":{"rendered":"<p>Voici les annonces de la semaine du dimanche 6 au dimanche 13 septembre pour la paroisse des 3 clochers Cr\u00e9cy-la-Chapelle, Villiers-sur-Morin, Voulangis. Dimanche 6 septembre 10 h 30 La Messe \u00e0 Cr\u00e9cy sera c\u00e9l\u00e9br\u00e9e&#46;&#46;&#46;<\/p>\n","protected":false},"author":2,"featured_media":0,"comment_status":"open","ping_status":"open","sticky":false,"template":"","format":"standard","meta":{"footnotes":""},"categories":[],"tags":[],"class_list":["post-155","post","type-post","status-publish","format-standard","hentry"],"_links":{"self":[{"href":"http:\/\/www.chapelle-crecy.com\/index.php?rest_route=\/wp\/v2\/posts\/155","targetHints":{"allow":["GET"]}}],"collection":[{"href":"http:\/\/www.chapelle-crecy.com\/index.php?rest_route=\/wp\/v2\/posts"}],"about":[{"href":"http:\/\/www.chapelle-crecy.com\/index.php?rest_route=\/wp\/v2\/types\/post"}],"author":[{"embeddable":true,"href":"http:\/\/www.chapelle-crecy.com\/index.php?rest_route=\/wp\/v2\/users\/2"}],"replies":[{"embeddable":true,"href":"http:\/\/www.chapelle-crecy.com\/index.php?rest_route=%2Fwp%2Fv2%2Fcomments&post=155"}],"version-history":[{"count":0,"href":"http:\/\/www.chapelle-crecy.com\/index.php?rest_route=\/wp\/v2\/posts\/155\/revisions"}],"wp:attachment":[{"href":"http:\/\/www.chapelle-crecy.com\/index.php?rest_route=%2Fwp%2Fv2%2Fmedia&parent=155"}],"wp:term":[{"taxonomy":"category","embeddable":true,"href":"http:\/\/www.chapelle-crecy.com\/index.php?rest_route=%2Fwp%2Fv2%2Fcategories&post=155"},{"taxonomy":"post_tag","embeddable":true,"href":"http:\/\/www.chapelle-crecy.com\/index.php?rest_route=%2Fwp%2Fv2%2Ftags&post=155"}],"curies":[{"name":"wp","href":"https:\/\/api.w.org\/{rel}","templated":true}]}}