{"id":156,"date":"2009-09-08T18:50:00","date_gmt":"2009-09-08T18:50:00","guid":{"rendered":""},"modified":"-0001-11-30T00:00:00","modified_gmt":"-0001-11-29T22:00:00","slug":"","status":"publish","type":"post","link":"http:\/\/www.chapelle-crecy.com\/?p=156","title":{"rendered":"Aumonerie et pr\u00e9paration \u00e0\u00a0 la confirmation"},"content":{"rendered":"<div align=\"justify\">\n Cher jeune,<br \/>\n tu viens de terminer ton parcours de cat\u00e9ch\u00e8se? Alors que tu viens de c\u00e9l\u00e9brer ta profession de foi, sais-tu que tu peux continuer \u00e0 cheminer dans la foi et r\u00e9fl\u00e9chir sur les grands sujets de soci\u00e9t\u00e9? Pour cela, viens rejoindre l&rsquo;aum\u00f4nerie Don Bosco de la Vall\u00e9e du grand Morin. Pour avoir plus d&rsquo;informations, tu peux contacter:<br \/>\n  Nathalie Villeret au 06-78-28-07-00.<br \/>\n Tu rencontreras des jeunes de ton \u00e2ge qui partagent les m\u00eames doutes mais qui formulent d&rsquo;aussi grands espoirs que toi en l&rsquo;avenir. Tu pourras participer au FRAT, aller en groupe \u00e0 Taiz\u00e9, etc;<br \/>\n Tu peux aussi \u00e9crire \u00e0:<br \/>\n  rgrondin77@gmail.com ou l&rsquo;appeler directement au 06-14-40-03-93.<br \/>\n Il se fera une joie de te renseigner et de discuter avec toi.<br \/>\n Et si tu n&rsquo;as pas encore fait ta confirmation, pour avoir des informations sur la pr\u00e9paration \u00e0 ce sacrement, tu peux contacter :<br \/>\n B\u00e9rang\u00e8re FRERE : Tel : 06.89.94.79.08 &#8211; mail : berangere.frere@orange.fr<br \/>\n En tout cas, je t&rsquo;invite \u00e0 suivre r\u00e9guli\u00e8rement l&rsquo;actu jeune de la paroisse sur la page facebook \u00ab\u00a0[cate Cr\u00e9cy -> https:\/\/www.facebook.com\/cate.crecy.7]\u00a0\u00bb. Tu y trouveras plein de bonnes id\u00e9es et tu peux m\u00eame poster sur la page tes commentaires et r\u00e9actions &#8230;<\/div>\n","protected":false},"excerpt":{"rendered":"<p>Cher jeune, tu viens de terminer ton parcours de cat\u00e9ch\u00e8se? Alors que tu viens de c\u00e9l\u00e9brer ta profession de foi, sais-tu que tu peux continuer \u00e0 cheminer dans la foi et r\u00e9fl\u00e9chir sur les&#46;&#46;&#46;<\/p>\n","protected":false},"author":2,"featured_media":0,"comment_status":"open","ping_status":"open","sticky":false,"template":"","format":"standard","meta":{"footnotes":""},"categories":[],"tags":[],"class_list":["post-156","post","type-post","status-publish","format-standard","hentry"],"_links":{"self":[{"href":"http:\/\/www.chapelle-crecy.com\/index.php?rest_route=\/wp\/v2\/posts\/156","targetHints":{"allow":["GET"]}}],"collection":[{"href":"http:\/\/www.chapelle-crecy.com\/index.php?rest_route=\/wp\/v2\/posts"}],"about":[{"href":"http:\/\/www.chapelle-crecy.com\/index.php?rest_route=\/wp\/v2\/types\/post"}],"author":[{"embeddable":true,"href":"http:\/\/www.chapelle-crecy.com\/index.php?rest_route=\/wp\/v2\/users\/2"}],"replies":[{"embeddable":true,"href":"http:\/\/www.chapelle-crecy.com\/index.php?rest_route=%2Fwp%2Fv2%2Fcomments&post=156"}],"version-history":[{"count":0,"href":"http:\/\/www.chapelle-crecy.com\/index.php?rest_route=\/wp\/v2\/posts\/156\/revisions"}],"wp:attachment":[{"href":"http:\/\/www.chapelle-crecy.com\/index.php?rest_route=%2Fwp%2Fv2%2Fmedia&parent=156"}],"wp:term":[{"taxonomy":"category","embeddable":true,"href":"http:\/\/www.chapelle-crecy.com\/index.php?rest_route=%2Fwp%2Fv2%2Fcategories&post=156"},{"taxonomy":"post_tag","embeddable":true,"href":"http:\/\/www.chapelle-crecy.com\/index.php?rest_route=%2Fwp%2Fv2%2Ftags&post=156"}],"curies":[{"name":"wp","href":"https:\/\/api.w.org\/{rel}","templated":true}]}}