{"id":157,"date":"2009-09-28T07:35:00","date_gmt":"2009-09-28T07:35:00","guid":{"rendered":""},"modified":"-0001-11-30T00:00:00","modified_gmt":"-0001-11-29T22:00:00","slug":"","status":"publish","type":"post","link":"http:\/\/www.chapelle-crecy.com\/?p=157","title":{"rendered":"Cat\u00e9ch\u00e8se adapt\u00e9e"},"content":{"rendered":"<table bgcolor =\"F0FAFF\" border=0>\n<tbody>\n<tr>\n<td>\n<div align=\"justify\">Votre enfant souffre-t-il de handicaps ?<br \/>\nSes difficult\u00e9s ne l&#8217;emp\u00eachent pas de suivre un programme adapt\u00e9 de cat\u00e9chisme.<br \/>\nContact : V\u00e9ronique TEZENAS : 01.64.63.94.24<br \/>\n                  Brigitte CALONNE : 01.64.63.79.75\n<\/div>\n<\/td>\n<\/tr>\n<\/tbody>\n<\/table>\n<p>A date, novembre 2021, ce service n&rsquo;est plus assur\u00e9 dans la paroisse.<\/p>\n","protected":false},"excerpt":{"rendered":"<p>Votre enfant souffre-t-il de handicaps ? Ses difficult\u00e9s ne l&#8217;emp\u00eachent pas de suivre un programme adapt\u00e9 de cat\u00e9chisme. Contact : V\u00e9ronique TEZENAS : 01.64.63.94.24 Brigitte CALONNE : 01.64.63.79.75 A date, novembre 2021, ce service&#46;&#46;&#46;<\/p>\n","protected":false},"author":2,"featured_media":0,"comment_status":"open","ping_status":"open","sticky":false,"template":"","format":"standard","meta":{"footnotes":""},"categories":[],"tags":[],"class_list":["post-157","post","type-post","status-publish","format-standard","hentry"],"_links":{"self":[{"href":"http:\/\/www.chapelle-crecy.com\/index.php?rest_route=\/wp\/v2\/posts\/157","targetHints":{"allow":["GET"]}}],"collection":[{"href":"http:\/\/www.chapelle-crecy.com\/index.php?rest_route=\/wp\/v2\/posts"}],"about":[{"href":"http:\/\/www.chapelle-crecy.com\/index.php?rest_route=\/wp\/v2\/types\/post"}],"author":[{"embeddable":true,"href":"http:\/\/www.chapelle-crecy.com\/index.php?rest_route=\/wp\/v2\/users\/2"}],"replies":[{"embeddable":true,"href":"http:\/\/www.chapelle-crecy.com\/index.php?rest_route=%2Fwp%2Fv2%2Fcomments&post=157"}],"version-history":[{"count":0,"href":"http:\/\/www.chapelle-crecy.com\/index.php?rest_route=\/wp\/v2\/posts\/157\/revisions"}],"wp:attachment":[{"href":"http:\/\/www.chapelle-crecy.com\/index.php?rest_route=%2Fwp%2Fv2%2Fmedia&parent=157"}],"wp:term":[{"taxonomy":"category","embeddable":true,"href":"http:\/\/www.chapelle-crecy.com\/index.php?rest_route=%2Fwp%2Fv2%2Fcategories&post=157"},{"taxonomy":"post_tag","embeddable":true,"href":"http:\/\/www.chapelle-crecy.com\/index.php?rest_route=%2Fwp%2Fv2%2Ftags&post=157"}],"curies":[{"name":"wp","href":"https:\/\/api.w.org\/{rel}","templated":true}]}}