{"id":158,"date":"2009-09-13T10:58:00","date_gmt":"2009-09-13T10:58:00","guid":{"rendered":""},"modified":"-0001-11-30T00:00:00","modified_gmt":"-0001-11-29T22:00:00","slug":"","status":"publish","type":"post","link":"http:\/\/www.chapelle-crecy.com\/?p=158","title":{"rendered":"Annonces de la semaine du 14 au 20 septembre 2009"},"content":{"rendered":"<table bgcolor =\"F0FAFF\" border=0>\n<tbody>\n<tr>\n<td>\n<div align=\"justify\">\n<div \"74\">Voici les annonces de la semaine du lundi 14 au dimanche 20 septembre pour la paroisse des 3 clochers Cr\u00e9cy-la-Chapelle, Villiers-sur-Morin, Voulangis.<br \/>\nNous accueillerons mardi le P\u00e8re Aim\u00e9 qui vient prendre la suite du P\u00e8re<br \/>\nGuillaume, mais nous ne pouvons pas encore fixer des heures de Messes en semaine tant que nous ne connaissons pas ses disponibilit\u00e9s.<br \/>\nD\u00e8s que cela sera fait,  il y aura une affichette sur la porte des \u00e9glises.\n<\/div>\n<\/div>\n<\/td>\n<\/tr>\n<\/tbody>\n<\/table>\n<table bgcolor =\"F0FAFF\" border=1>\n<tbody>\n<tr>\n<td>\n<div align=\"center\">\n<table bgcolor =\"F0FAFF\" border=0>\n<tbody>\n<tr>\n<td>\n<font color=\"FF0000\">Retraite pour les confirmands \u00e0 OURSCAMPS samedi et dimanche <\/font><\/td>\n<\/tr>\n<\/tbody>\n<\/table>\n<\/div>\n<table bgcolor =\"F0FAFF\" border=1>\n<tbody>\n<tr>\n<td width=160><font color=\"0020FF\">Mardi 15 septembre<\/font><\/td>\n<td><font color=\"0020FF\">20 h 30 &#8211; R\u00e9union des parents des enfants de la cat\u00e9ch\u00e8se de 1\u00e8re et 2e ann\u00e9e \u00e0 la salle paroissiale.<\/font><\/td>\n<\/tr>\n<tr>\n<td><font color=\"0020FF\">Mercredi 16 septembre<\/font><\/td>\n<td><font color=\"0020FF\">20 h &#8211;  R\u00e9p\u00e9tition de la Messe de p\u00f4le du 27 \u00e0 l&rsquo;\u00e9glise saint Nicolas \u00e0 Meaux, choristes et musiciens r\u00e9unis.<\/font><\/td>\n<\/tr>\n<tr>\n<td><font color=\"0020FF\">Jeudi 17 septembre<\/font><\/td>\n<td><font color=\"0020FF\">20 h 30 &#8211;  R\u00e9union des parents des enfants de la cat\u00e9ch\u00e8se de 3e et 4e ann\u00e9e, \u00e0 la salle paroissiale.<\/font><\/td>\n<\/tr>\n<tr>\n<td><font color=\"0020FF\">Samedi 19 septembre<\/font><\/td>\n<td><font color=\"0020FF\">11 h &#8211;  A Villiers, Messe anniversaire pour les 30 ans de mariage de Thierry et Christine  CHATELAIN.<\/font><\/td>\n<\/tr>\n<tr>\n<td><font color=\"0020FF\">Dimanche 20 septembre<\/font><\/td>\n<td><font color=\"0020FF\">10 h 30  Messe \u00e0 Cr\u00e9cy pour Vincent LAVAL.<br \/>Apr\u00e8s la Messe, bapt\u00eame de Na\u00efa TROUBLE.<br \/>\nC&rsquo;est  \u00e9galement le p\u00e8lerinage \u00e0 Verdelot avec Messe \u00e0 10 h 30, suivie d&rsquo;une procession, d&rsquo;une c\u00e9l\u00e9bration mariale et d&rsquo;un pique-nique<br \/>\n<\/font><\/td>\n<\/tr>\n<\/tbody>\n<\/table>\n<\/td>\n<\/tr>\n<\/tbody>\n<\/table>\n","protected":false},"excerpt":{"rendered":"<p>Voici les annonces de la semaine du lundi 14 au dimanche 20 septembre pour la paroisse des 3 clochers Cr\u00e9cy-la-Chapelle, Villiers-sur-Morin, Voulangis. Nous accueillerons mardi le P\u00e8re Aim\u00e9 qui vient prendre la suite du&#46;&#46;&#46;<\/p>\n","protected":false},"author":2,"featured_media":0,"comment_status":"open","ping_status":"open","sticky":false,"template":"","format":"standard","meta":{"footnotes":""},"categories":[],"tags":[],"class_list":["post-158","post","type-post","status-publish","format-standard","hentry"],"_links":{"self":[{"href":"http:\/\/www.chapelle-crecy.com\/index.php?rest_route=\/wp\/v2\/posts\/158","targetHints":{"allow":["GET"]}}],"collection":[{"href":"http:\/\/www.chapelle-crecy.com\/index.php?rest_route=\/wp\/v2\/posts"}],"about":[{"href":"http:\/\/www.chapelle-crecy.com\/index.php?rest_route=\/wp\/v2\/types\/post"}],"author":[{"embeddable":true,"href":"http:\/\/www.chapelle-crecy.com\/index.php?rest_route=\/wp\/v2\/users\/2"}],"replies":[{"embeddable":true,"href":"http:\/\/www.chapelle-crecy.com\/index.php?rest_route=%2Fwp%2Fv2%2Fcomments&post=158"}],"version-history":[{"count":0,"href":"http:\/\/www.chapelle-crecy.com\/index.php?rest_route=\/wp\/v2\/posts\/158\/revisions"}],"wp:attachment":[{"href":"http:\/\/www.chapelle-crecy.com\/index.php?rest_route=%2Fwp%2Fv2%2Fmedia&parent=158"}],"wp:term":[{"taxonomy":"category","embeddable":true,"href":"http:\/\/www.chapelle-crecy.com\/index.php?rest_route=%2Fwp%2Fv2%2Fcategories&post=158"},{"taxonomy":"post_tag","embeddable":true,"href":"http:\/\/www.chapelle-crecy.com\/index.php?rest_route=%2Fwp%2Fv2%2Ftags&post=158"}],"curies":[{"name":"wp","href":"https:\/\/api.w.org\/{rel}","templated":true}]}}