{"id":159,"date":"2009-09-14T12:02:00","date_gmt":"2009-09-14T12:02:00","guid":{"rendered":""},"modified":"-0001-11-30T00:00:00","modified_gmt":"-0001-11-29T22:00:00","slug":"","status":"publish","type":"post","link":"http:\/\/www.chapelle-crecy.com\/?p=159","title":{"rendered":"Concert \u00e0\u00a0 la coll\u00e9giale le 20 septembre"},"content":{"rendered":"<table bgcolor =\"F0FAFF\" border=0>\n<tbody>\n<tr>\n<td>\n<div align=\"justify\">\n<div \"75\">Dans le cadre des journ\u00e9es du patrimoine, le Petit Choeur du Grand Morin f\u00eate son dixi\u00e8me anniversaire le 20 septembre 2009 \u00e0\u00a0 17h \u00e0\u00a0 la Coll\u00e9giale de Cr\u00e9cy-la-Chapelle. Avec la participation du choeur Claye Vocale De Claye-Souilly.<br \/>\nNe manquez pas cet \u00e9v\u00e9nement !<\/div>\n<\/div>\n<\/td>\n<\/tr>\n<\/tbody>\n<\/table>\n<div align=\"center\"><img decoding=\"async\" src=\"\/IMG\/culturel\/pcgm2009A.jpg\"><\/div>\n","protected":false},"excerpt":{"rendered":"<p>Dans le cadre des journ\u00e9es du patrimoine, le Petit Choeur du Grand Morin f\u00eate son dixi\u00e8me anniversaire le 20 septembre 2009 \u00e0\u00a0 17h \u00e0\u00a0 la Coll\u00e9giale de Cr\u00e9cy-la-Chapelle. Avec la participation du choeur Claye&#46;&#46;&#46;<\/p>\n","protected":false},"author":2,"featured_media":0,"comment_status":"open","ping_status":"open","sticky":false,"template":"","format":"standard","meta":{"footnotes":""},"categories":[],"tags":[],"class_list":["post-159","post","type-post","status-publish","format-standard","hentry"],"_links":{"self":[{"href":"http:\/\/www.chapelle-crecy.com\/index.php?rest_route=\/wp\/v2\/posts\/159","targetHints":{"allow":["GET"]}}],"collection":[{"href":"http:\/\/www.chapelle-crecy.com\/index.php?rest_route=\/wp\/v2\/posts"}],"about":[{"href":"http:\/\/www.chapelle-crecy.com\/index.php?rest_route=\/wp\/v2\/types\/post"}],"author":[{"embeddable":true,"href":"http:\/\/www.chapelle-crecy.com\/index.php?rest_route=\/wp\/v2\/users\/2"}],"replies":[{"embeddable":true,"href":"http:\/\/www.chapelle-crecy.com\/index.php?rest_route=%2Fwp%2Fv2%2Fcomments&post=159"}],"version-history":[{"count":0,"href":"http:\/\/www.chapelle-crecy.com\/index.php?rest_route=\/wp\/v2\/posts\/159\/revisions"}],"wp:attachment":[{"href":"http:\/\/www.chapelle-crecy.com\/index.php?rest_route=%2Fwp%2Fv2%2Fmedia&parent=159"}],"wp:term":[{"taxonomy":"category","embeddable":true,"href":"http:\/\/www.chapelle-crecy.com\/index.php?rest_route=%2Fwp%2Fv2%2Fcategories&post=159"},{"taxonomy":"post_tag","embeddable":true,"href":"http:\/\/www.chapelle-crecy.com\/index.php?rest_route=%2Fwp%2Fv2%2Ftags&post=159"}],"curies":[{"name":"wp","href":"https:\/\/api.w.org\/{rel}","templated":true}]}}