{"id":1594,"date":"2024-05-13T16:52:43","date_gmt":"2024-05-13T14:52:43","guid":{"rendered":"https:\/\/www.chapelle-crecy.com\/?p=1594"},"modified":"2024-05-18T17:32:47","modified_gmt":"2024-05-18T15:32:47","slug":"annonces-du-lundi-11-au-dimanche-19-mai","status":"publish","type":"post","link":"http:\/\/www.chapelle-crecy.com\/?p=1594","title":{"rendered":"Annonces du lundi 11 au dimanche 19 mai"},"content":{"rendered":"<table>\n<tbody>\n<tr>\n<td style=\"text-align: left;\" width=\"20%\"><strong><u>Mardi 14 mai<\/u>\u00a0:<\/strong><\/td>\n<td style=\"text-align: left;\"><strong><u>9h00\u00a0:<\/u> Messe \u00e0 St Georges \u00e0 Cr\u00e9cy<\/strong><\/td>\n<\/tr>\n<tr>\n<td><\/td>\n<td style=\"text-align: left;\"><strong><u>10h30 :<\/u> Obs\u00e8ques de Brian COCHRANE \u00e0 St Georges \u00e0 Cr\u00e9cy<\/strong><\/td>\n<\/tr>\n<tr>\n<td><\/td>\n<td style=\"text-align: left;\"><strong><u>15h :<\/u> Obs\u00e8ques de Jacqueline LOUIS \u00e0 la Coll\u00e9giale<\/strong><\/td>\n<\/tr>\n<tr>\n<td style=\"text-align: left;\" width=\"20%\"><strong><u>Mercredi 15 mai<\/u>\u00a0:<\/strong><\/td>\n<td style=\"text-align: left;\"><strong><u>20h30\u00a0:<\/u> R\u00e9union du groupe de pri\u00e8re \u00e0 Cr\u00e9cy<\/strong><\/td>\n<\/tr>\n<tr>\n<td style=\"text-align: left;\"><strong><u>Jeudi 16 mai\u00a0:<\/u><\/strong><\/td>\n<td style=\"text-align: left;\"><strong><u>9h\u00a0:<\/u> Messe \u00e0 Cr\u00e9cy.<\/strong><\/td>\n<\/tr>\n<tr>\n<td><\/td>\n<td style=\"text-align: left;\"><strong><u>10h45 :<\/u> Obs\u00e8ques de Colette BERLINGUEZ \u00e0 Villiers<\/strong><\/td>\n<\/tr>\n<tr>\n<td style=\"text-align: left;\"><strong><u>Vendredi 17 mai<\/u>\u00a0:\u00a0 <\/strong><\/td>\n<td style=\"text-align: left;\"><strong><u>18h\u00a0:<\/u> Messe \u00e0 Cr\u00e9cy, suivie de l&rsquo;adoration du St Sacrement<\/strong><\/td>\n<\/tr>\n<tr>\n<td style=\"text-align: left;\"><strong><u>Samedi 18 mai<\/u>\u00a0:<\/strong><\/td>\n<td style=\"text-align: left;\"><strong><u>10h30<\/u> : Bapt\u00eame de Ludivine SUSCOSSE \u00e0 Villiers<\/strong><br \/>\n<strong><u>18h30\u00a0:<\/u> Messe anticip\u00e9e de Pentec\u00f4te \u00e0 Villiers c\u00e9l\u00e9br\u00e9e pour Colette BERLINGUEZ.<\/strong><\/td>\n<\/tr>\n<tr>\n<td style=\"text-align: left;\"><strong><u>Dimanche 19 mai<\/u>\u00a0:<\/strong><\/td>\n<td style=\"text-align: left;\"><strong><u>10h30 :<\/u> Messe de Pentec\u00f4te \u00e0 la coll\u00e9giale. Profession de foi des enfants de 4<sup>e <\/sup>ann\u00e9e de cat\u00e9ch\u00e8se. Nous prierons aussi pour Jacqueline LOUIS\u00a0et Brian COCHRANE inhum\u00e9s cette semaine<\/strong><\/td>\n<\/tr>\n<\/tbody>\n<\/table>\n","protected":false},"excerpt":{"rendered":"<p>Mardi 14 mai\u00a0: 9h00\u00a0: Messe \u00e0 St Georges \u00e0 Cr\u00e9cy 10h30 : Obs\u00e8ques de Brian COCHRANE \u00e0 St Georges \u00e0 Cr\u00e9cy 15h : Obs\u00e8ques de Jacqueline LOUIS \u00e0 la Coll\u00e9giale Mercredi 15 mai\u00a0: 20h30\u00a0:&#46;&#46;&#46;<\/p>\n","protected":false},"author":1,"featured_media":0,"comment_status":"closed","ping_status":"open","sticky":false,"template":"","format":"standard","meta":{"footnotes":""},"categories":[2],"tags":[],"class_list":["post-1594","post","type-post","status-publish","format-standard","hentry","category-annonces"],"_links":{"self":[{"href":"http:\/\/www.chapelle-crecy.com\/index.php?rest_route=\/wp\/v2\/posts\/1594","targetHints":{"allow":["GET"]}}],"collection":[{"href":"http:\/\/www.chapelle-crecy.com\/index.php?rest_route=\/wp\/v2\/posts"}],"about":[{"href":"http:\/\/www.chapelle-crecy.com\/index.php?rest_route=\/wp\/v2\/types\/post"}],"author":[{"embeddable":true,"href":"http:\/\/www.chapelle-crecy.com\/index.php?rest_route=\/wp\/v2\/users\/1"}],"replies":[{"embeddable":true,"href":"http:\/\/www.chapelle-crecy.com\/index.php?rest_route=%2Fwp%2Fv2%2Fcomments&post=1594"}],"version-history":[{"count":7,"href":"http:\/\/www.chapelle-crecy.com\/index.php?rest_route=\/wp\/v2\/posts\/1594\/revisions"}],"predecessor-version":[{"id":1610,"href":"http:\/\/www.chapelle-crecy.com\/index.php?rest_route=\/wp\/v2\/posts\/1594\/revisions\/1610"}],"wp:attachment":[{"href":"http:\/\/www.chapelle-crecy.com\/index.php?rest_route=%2Fwp%2Fv2%2Fmedia&parent=1594"}],"wp:term":[{"taxonomy":"category","embeddable":true,"href":"http:\/\/www.chapelle-crecy.com\/index.php?rest_route=%2Fwp%2Fv2%2Fcategories&post=1594"},{"taxonomy":"post_tag","embeddable":true,"href":"http:\/\/www.chapelle-crecy.com\/index.php?rest_route=%2Fwp%2Fv2%2Ftags&post=1594"}],"curies":[{"name":"wp","href":"https:\/\/api.w.org\/{rel}","templated":true}]}}