{"id":1603,"date":"2024-05-17T08:21:02","date_gmt":"2024-05-17T06:21:02","guid":{"rendered":"https:\/\/www.chapelle-crecy.com\/?p=1603"},"modified":"2024-05-19T20:15:28","modified_gmt":"2024-05-19T18:15:28","slug":"les-200-ans-de-leglise-saint-pierre-de-voulangis","status":"publish","type":"post","link":"http:\/\/www.chapelle-crecy.com\/?p=1603","title":{"rendered":"Les 200 ans de l&rsquo;\u00e9glise Saint-Pierre de Voulangis"},"content":{"rendered":"<p><div align=\"justify\">Le 1er juin 1824, l\u2019\u00e9glise Saint-Pierre \u00e9tait consacr\u00e9e suite \u00e0 sa construction. Elle rempla\u00e7ait une \u00e9glise situ\u00e9e \u00e0 Saint-Martin. Nous f\u00eaterons 200 ans apr\u00e8s, jour pour jour, cet \u00e9v\u00e9nement. A cette occasion la municipalit\u00e9 de Voulangis a restaur\u00e9 la cloche de l\u2019\u00e9glise primitive et pos\u00e9 une plaque en l\u2019honneur du chevalier Le Clerc dont le gisant tr\u00f4ne au fond de l\u2019\u00e9glise. Plusieurs tels forts sont pr\u00e9vus, samedi 25 mai et samedi 1er juin avec notamment la messe anniversaire de la cons\u00e9cration \u00e0 18h c\u00e9l\u00e9br\u00e9e par le P\u00e8re Thierry Leroy, cur\u00e9 du P\u00f4le de Meaux.<\/div><\/p>\n\n<div align=\"center\"><img loading=\"lazy\" decoding=\"async\" width=\"724\" height=\"1024\" src=\"https:\/\/www.chapelle-crecy.com\/wp-content\/uploads\/2024\/05\/AFF-v2-724x1024.jpg\" alt=\"\" class=\"wp-image-1604\" srcset=\"http:\/\/www.chapelle-crecy.com\/wp-content\/uploads\/2024\/05\/AFF-v2-724x1024.jpg 724w, http:\/\/www.chapelle-crecy.com\/wp-content\/uploads\/2024\/05\/AFF-v2-212x300.jpg 212w, http:\/\/www.chapelle-crecy.com\/wp-content\/uploads\/2024\/05\/AFF-v2-768x1086.jpg 768w, http:\/\/www.chapelle-crecy.com\/wp-content\/uploads\/2024\/05\/AFF-v2-1086x1536.jpg 1086w, http:\/\/www.chapelle-crecy.com\/wp-content\/uploads\/2024\/05\/AFF-v2-1448x2048.jpg 1448w, http:\/\/www.chapelle-crecy.com\/wp-content\/uploads\/2024\/05\/AFF-v2-scaled.jpg 1810w\" sizes=\"auto, (max-width: 724px) 100vw, 724px\" \/><\/div>\n<!-- \/wp:post-content -->","protected":false},"excerpt":{"rendered":"<p>Le 1er juin 1824, l\u2019\u00e9glise Saint-Pierre \u00e9tait consacr\u00e9e suite \u00e0 sa construction. Elle rempla\u00e7ait une \u00e9glise situ\u00e9e \u00e0 Saint-Martin. Nous f\u00eaterons 200 ans apr\u00e8s, jour pour jour, cet \u00e9v\u00e9nement. A cette occasion la municipalit\u00e9&#46;&#46;&#46;<\/p>\n","protected":false},"author":1,"featured_media":0,"comment_status":"closed","ping_status":"closed","sticky":false,"template":"","format":"standard","meta":{"footnotes":""},"categories":[4],"tags":[],"class_list":["post-1603","post","type-post","status-publish","format-standard","hentry","category-evenements"],"_links":{"self":[{"href":"http:\/\/www.chapelle-crecy.com\/index.php?rest_route=\/wp\/v2\/posts\/1603","targetHints":{"allow":["GET"]}}],"collection":[{"href":"http:\/\/www.chapelle-crecy.com\/index.php?rest_route=\/wp\/v2\/posts"}],"about":[{"href":"http:\/\/www.chapelle-crecy.com\/index.php?rest_route=\/wp\/v2\/types\/post"}],"author":[{"embeddable":true,"href":"http:\/\/www.chapelle-crecy.com\/index.php?rest_route=\/wp\/v2\/users\/1"}],"replies":[{"embeddable":true,"href":"http:\/\/www.chapelle-crecy.com\/index.php?rest_route=%2Fwp%2Fv2%2Fcomments&post=1603"}],"version-history":[{"count":2,"href":"http:\/\/www.chapelle-crecy.com\/index.php?rest_route=\/wp\/v2\/posts\/1603\/revisions"}],"predecessor-version":[{"id":1612,"href":"http:\/\/www.chapelle-crecy.com\/index.php?rest_route=\/wp\/v2\/posts\/1603\/revisions\/1612"}],"wp:attachment":[{"href":"http:\/\/www.chapelle-crecy.com\/index.php?rest_route=%2Fwp%2Fv2%2Fmedia&parent=1603"}],"wp:term":[{"taxonomy":"category","embeddable":true,"href":"http:\/\/www.chapelle-crecy.com\/index.php?rest_route=%2Fwp%2Fv2%2Fcategories&post=1603"},{"taxonomy":"post_tag","embeddable":true,"href":"http:\/\/www.chapelle-crecy.com\/index.php?rest_route=%2Fwp%2Fv2%2Ftags&post=1603"}],"curies":[{"name":"wp","href":"https:\/\/api.w.org\/{rel}","templated":true}]}}