{"id":1613,"date":"2024-05-20T20:32:48","date_gmt":"2024-05-20T18:32:48","guid":{"rendered":"https:\/\/www.chapelle-crecy.com\/?p=1613"},"modified":"2024-05-22T20:57:40","modified_gmt":"2024-05-22T18:57:40","slug":"annones-du-lundi-20-au-dimanche-26-mai-2024","status":"publish","type":"post","link":"http:\/\/www.chapelle-crecy.com\/?p=1613","title":{"rendered":"Annonces du lundi 20 au dimanche 26 mai 2024"},"content":{"rendered":"<table>\n<tbody>\n<tr>\n<td style=\"text-align: left;\" width=\"20%\"><strong><u>Mardi 21 mai<\/u>\u00a0:<\/strong><\/td>\n<td style=\"text-align: left;\"><strong><u>9h00\u00a0:<\/u> Messe \u00e0 St Georges \u00e0 Cr\u00e9cy<\/strong><\/td>\n<\/tr>\n<tr>\n<td style=\"text-align: left;\"><strong><u>Jeudi 23 mai\u00a0:<\/u><\/strong><\/td>\n<td style=\"text-align: left;\"><strong><u>9h\u00a0:<\/u> Messe \u00e0 Cr\u00e9cy.<\/strong><\/td>\n<\/tr>\n<tr>\n<td style=\"text-align: left;\"><strong><u>Vendredi 24 mai<\/u>\u00a0:\u00a0 <\/strong><\/td>\n<td style=\"text-align: left;\"><strong><u>18h\u00a0:<\/u> Messe \u00e0 Cr\u00e9cy, suivie de l&rsquo;adoration du St Sacrement<\/strong><\/td>\n<\/tr>\n<tr>\n<td style=\"text-align: left;\"><strong><u>Samedi 25 mai<\/u>\u00a0:<\/strong><\/td>\n<td style=\"text-align: left;\"><strong><u>10h30<\/u> : Bapt\u00eame d\u2019Elynna SAULIERE-CHIALE \u00e0 Cr\u00e9cy<\/strong><\/td>\n<\/tr>\n<tr>\n<td><\/td>\n<td style=\"text-align: left;\"><strong><u>17 h\u00a0<\/u>: \u00ab Chemin de Lumi\u00e8re, ou de P\u00e2ques \u00bb anim\u00e9 par l\u2019aum\u00f4nerie des jeunes<\/strong><\/td>\n<\/tr>\n<tr>\n<td><\/td>\n<td style=\"text-align: left;\"><strong><u>18h30\u00a0:<\/u> Messe \u00e0 Voulangis<\/strong><\/td>\n<\/tr>\n<tr>\n<td style=\"text-align: left;\"><strong><u>Dimanche 26 mai<\/u>\u00a0:<\/strong><\/td>\n<td style=\"text-align: left;\"><strong><u>10h30 :<\/u> Messe de Pentec\u00f4te \u00e0 la coll\u00e9giale.<\/strong><\/td>\n<\/tr>\n<tr>\n<td><\/td>\n<td style=\"text-align: left;\"><strong>Bapt\u00eame de No\u00eblie DOMINGUEZ et <\/strong><strong>Gina MASNICKI DA COSTA<\/strong><\/td>\n<\/tr>\n<\/tbody>\n<\/table>\n","protected":false},"excerpt":{"rendered":"<p>Mardi 21 mai\u00a0: 9h00\u00a0: Messe \u00e0 St Georges \u00e0 Cr\u00e9cy Jeudi 23 mai\u00a0: 9h\u00a0: Messe \u00e0 Cr\u00e9cy. Vendredi 24 mai\u00a0:\u00a0 18h\u00a0: Messe \u00e0 Cr\u00e9cy, suivie de l&rsquo;adoration du St Sacrement Samedi 25 mai\u00a0: 10h30&#46;&#46;&#46;<\/p>\n","protected":false},"author":1,"featured_media":0,"comment_status":"closed","ping_status":"closed","sticky":false,"template":"","format":"standard","meta":{"footnotes":""},"categories":[2],"tags":[],"class_list":["post-1613","post","type-post","status-publish","format-standard","hentry","category-annonces"],"_links":{"self":[{"href":"http:\/\/www.chapelle-crecy.com\/index.php?rest_route=\/wp\/v2\/posts\/1613","targetHints":{"allow":["GET"]}}],"collection":[{"href":"http:\/\/www.chapelle-crecy.com\/index.php?rest_route=\/wp\/v2\/posts"}],"about":[{"href":"http:\/\/www.chapelle-crecy.com\/index.php?rest_route=\/wp\/v2\/types\/post"}],"author":[{"embeddable":true,"href":"http:\/\/www.chapelle-crecy.com\/index.php?rest_route=\/wp\/v2\/users\/1"}],"replies":[{"embeddable":true,"href":"http:\/\/www.chapelle-crecy.com\/index.php?rest_route=%2Fwp%2Fv2%2Fcomments&post=1613"}],"version-history":[{"count":5,"href":"http:\/\/www.chapelle-crecy.com\/index.php?rest_route=\/wp\/v2\/posts\/1613\/revisions"}],"predecessor-version":[{"id":1620,"href":"http:\/\/www.chapelle-crecy.com\/index.php?rest_route=\/wp\/v2\/posts\/1613\/revisions\/1620"}],"wp:attachment":[{"href":"http:\/\/www.chapelle-crecy.com\/index.php?rest_route=%2Fwp%2Fv2%2Fmedia&parent=1613"}],"wp:term":[{"taxonomy":"category","embeddable":true,"href":"http:\/\/www.chapelle-crecy.com\/index.php?rest_route=%2Fwp%2Fv2%2Fcategories&post=1613"},{"taxonomy":"post_tag","embeddable":true,"href":"http:\/\/www.chapelle-crecy.com\/index.php?rest_route=%2Fwp%2Fv2%2Ftags&post=1613"}],"curies":[{"name":"wp","href":"https:\/\/api.w.org\/{rel}","templated":true}]}}