{"id":162,"date":"2009-09-21T20:40:00","date_gmt":"2009-09-21T20:40:00","guid":{"rendered":""},"modified":"-0001-11-30T00:00:00","modified_gmt":"-0001-11-29T22:00:00","slug":"","status":"publish","type":"post","link":"http:\/\/www.chapelle-crecy.com\/?p=162","title":{"rendered":"Les virades de l&rsquo;espoir"},"content":{"rendered":"<table bgcolor =\"F0FAFF\" border=0>\n<tbody>\n<tr>\n<td>\n<div align=\"justify\">\n<div \"78&#038;artsuite=1\">\n<div align=\"justify\">En 2009, on ne sait toujours pas gu\u00e9rir la mucoviscidose. <br \/>\nVenez donner votre souffle ! Participez \u00e0 la Rando contre la Muco !<br \/>\nGu\u00e9rir demain &#8211; soigner aujourd&rsquo;hui &ndash; Vivre Mieux &ndash; Sensibiliser<br \/>\nParticipez aux animations culturelles et sportives mises en place dans votre r\u00e9gion pour lutter contre la mucoviscidose.<br \/>\nVaincre la Mucoviscidose est une association reconnue d&rsquo;utilit\u00e9 publique.<\/div>\n<\/div>\n<\/td>\n<\/tr>\n<\/tbody>\n<\/table>\n<table bgcolor =\"F0FAFF\" border=0>\n<tbody>\n<tr>\n<td>\n<div align=\"justify\">Des bulletins de participation seront &agrave; votre disposition sur tous les sites de virades ou retrouvez les virades sur <a href=\"http:\/\/www.vaincrelamuco.org\/\">www.vaincrelamuco.org<\/a> <\/p>\n<p> <\/p>\n<div align=\"center\"><strong>PROGRAMMES 2009 DES VIRADES NORD SEINE ET MARNE<br \/>\nPAYS DE MEAUX DU MORIN ET DE L&rsquo;OURCQ 2009<br \/>\nVIRADES ET ANIMATIONS<\/strong><\/div>\n<p> <br \/>\n<strong>BOULEURS<\/strong><br \/>\nDimanche 27 septembre &#8211;&nbsp; Passage de la Randonn&eacute;e P&eacute;destre Robert Steinschneider<\/p>\n<p><strong>CONDE SAINTE-LIBIAIRE<br \/>\n<\/strong>Samedi 26 septembre -20H &#8211; Grand Bal COUNTRY &agrave; l&rsquo;Espace Georges Pompidou<br \/>\nEntr&eacute;e 10 Euros&nbsp; -Parking Gratuit &ndash;Petite restauration<br \/>\nR&eacute;servation en mairie 01 60 04 31 94 <\/p>\n<p><strong>COUILLY PONT AUX DAMES<br \/>\n<\/strong>ECOLE SAINTE THERESE&nbsp; Virade scolaire &#8211; Communication sur la maladie<br \/>\nDimanche 20 septembre &ndash; Brocante- Stand de l&rsquo;Entraide &ndash; Ventes au&nbsp; profit de Vaincre la Mucoviscidose<br \/>\nDimanche 27 septembre &ndash; Passage de la Randonn&eacute;e P&eacute;destre Robert Steinchneider<\/p>\n<p><strong>COUTEVROULT<\/strong><br \/>\nDimanche 27 septembre <br \/>\n&nbsp;Passage de la randonn&eacute;e p&eacute;destre Robert Steinschneider<\/p>\n<p><strong>CRECY LA CHAPELLE<\/strong><br \/>\nSamedi 26 septembre et&nbsp; dimanche 27 septembre<br \/>\nFoire de la Saint-Michel &#8211; Stand Vaincre la Muco- <br \/>\nCommunication sur la maladie- Collecte de dons &#8211; Jeux populaires &#8211; Votre Photo au Stand du Clich&eacute; Cr&eacute;&ccedil;ois<br \/>\ndimanche 27 septembre &ndash;<br \/>\nPassage de la Randonn&eacute;e p&eacute;destre Robert Steinschneider&nbsp; (&agrave; hauteur du passage &agrave; niveau Gare de Villiers)<\/p>\n<p><strong>JOUARRE (COULOMMIERS &ndash;LA FERTE SOUS JOUARRE)<\/strong><br \/>\nDimanche 27 septembre en matin&eacute;e &#8211; Sur l&rsquo;Aire de la Fringale de 8h &agrave; 13H<br \/>\nLes&nbsp; Rotary de Coulommiers et La Fert&eacute; sous Jouarre&nbsp; proposent 3 parcours de randonn&eacute;e p&eacute;destre et VTT ainsi que des ballades &agrave; poney avec le Club de Sammeron<\/p>\n<p><strong>MEAUX<\/strong> <br \/>\nVirades&nbsp; Scolaires ECM &#8211; Enseignement Catholique Meldois &#8211; Coll&egrave;ge Sainte-Marie &ndash; Lyc&eacute;e Bossuet &ndash;<br \/>\nLyc&eacute;e Technologique Professionnel Jean-Rose &#8211; Communication sur la maladie et&nbsp; Animations<\/p>\n<p><strong>NANTEUIL LES MEAUX<\/strong><br \/>\nDimanche 27 septembre&nbsp; &#8211; F&ecirc;te de la Tarte en Prunes <br \/>\nTartes aux prunes r&eacute;alis&eacute;es par les Boulangers P&acirc;tissiers en vente au Stand de Solange Steinschneider<\/p>\n<p><strong>SAINT-GERMAIN SUR MORIN<\/strong> <br \/>\nDimanche 27 septembre &ndash; Square Satu Nou <br \/>\nVirade au bord du Morin &ndash; Nombreuses animations &#8211; Structure gonflable-Petite restauration&nbsp; &#8211;<br \/>\nD&eacute;monstrations des&nbsp; Jeunes Sapeurs Pompiers et Stand P&acirc;tisseries des Sapeurs&nbsp; Pompiers<br \/>\nPassage le matin de la Randonn&eacute;e P&eacute;destre Robert Steinschneider<\/p>\n<p><strong>SIGNY-SIGNETS<br \/>\n<\/strong>Samedi 26 septembre &#8211; Autour de la salle Polyvalente 15h &agrave; 19H &#8211; Activit&eacute;s sportives &ndash; Nombreuses animations<br \/>\n20H30 Eglise de la Sainte-Vierge <br \/>\nR&eacute;cital avec &laquo; La Quincy Gospel Voices &raquo;&nbsp;&nbsp; &laquo; La Note Cond&eacute;enne &raquo; et &laquo;&nbsp; Sign-Sign Chorale &raquo; <br \/>\nParticipation Libre<\/p>\n<p><strong>VILLIERS SUR MORIN<br \/>\n<\/strong>Dimanche 27 septembre <br \/>\nPassage de la Randonn&eacute;e Robert Steinschneider<\/p>\n<p><strong>VINCY-MANOEUVRE<\/strong><br \/>\nDimanche 27 septembre <br \/>\n26&egrave;me Enduro VINCY-ACY organis&eacute; par Gilbert Mignot du&nbsp; Moto Club Nord 77<br \/>\nSensibilisation des Sportifs &agrave; la lutte contre la mucoviscidose<\/p>\n<p><strong>QUINCY-VOISINS<\/strong><br \/>\nSamedi 26 septembre&nbsp; &#8211; Eglise Saint-Denis -20h30<br \/>\nConcert Chorale&nbsp; &laquo; Les Fous Chantants &raquo; accompagn&eacute;e par Les Musiciens de la &laquo; Belle Equipe &raquo; Participation Libre<\/p>\n<p>Dimanche 27 septembre<br \/>\nParc du Ch&acirc;teau de Quincy-Voisins<\/p>\n<p>MATIN de 8H30 &agrave; 10H DEPARTS de la Randonn&eacute;e P&eacute;destre <br \/>\n&laquo; Robert Steinschneider &raquo; de 16 KM en boucle sur pr&eacute;sentation d&rsquo;un certificat m&eacute;dical ou licence sportive &agrave; jour<br \/>\nParking gratuit et obligatoire devant le gymnase &#8211; Inscription : 8Euros par viradeur<br \/>\n(Parcours propos&eacute; par le Club Meldirando de Meaux avec la Participation de Claude Rigot et organis&eacute; en partenariat avec la municipalit&eacute; de Quincy-Voisins) <br \/>\nProjection d&rsquo;un film de Claude Rigot sur la&nbsp; &laquo;&nbsp; Randonn&eacute;e dans les Alpes &raquo;&nbsp; Participation de 2 Euros.<br \/>\nOPERATION BRIOCHES &laquo; 1000 brioches contre la Muco &raquo;<\/p>\n<p>APRES-MIDI 16H &ndash;A GAGNER&nbsp; <br \/>\n&middot;&nbsp;1 SEJOUR A CHAMROUSSE offert par l&rsquo;Office de Tourisme<br \/>\n&middot; 2 Formules &laquo; Pur Bien Etre &raquo; au Thermes de Saint-Gervais les Bains (offert par les Thermes)<br \/>\n&middot;&nbsp;1 Lave-Linge&nbsp; (offert par SUPER CATENA Cr&eacute;cy la Chapelle)<br \/>\n&middot;&nbsp;1 Four&nbsp;&nbsp; (offert par SOCOO&rsquo;C Mareuil les Meaux)<br \/>\n&middot;&nbsp;1 V&eacute;lo&nbsp; (offert par INTERSPORT Mareuil les Meaux)<br \/>\n&middot;&nbsp;1 Appareil photo num&eacute;rique (offert par CONFORAMA)<br \/>\nEt nombreux lots (Selon conditions de nos partenaires) <\/p>\n<p>Pour tout renseignement Mich&egrave;le MOLLIER 01 64 63 57 12.\n<\/div>\n<div align=\"center\"><img decoding=\"async\" src=\"\/IMG\/affiches\/virades_rando.jpg\"><\/div>\n<\/td>\n<\/tr>\n<\/tbody>\n<\/table>\n","protected":false},"excerpt":{"rendered":"<p>En 2009, on ne sait toujours pas gu\u00e9rir la mucoviscidose. Venez donner votre souffle ! Participez \u00e0 la Rando contre la Muco ! Gu\u00e9rir demain &#8211; soigner aujourd&rsquo;hui &ndash; Vivre Mieux &ndash; Sensibiliser Participez&#46;&#46;&#46;<\/p>\n","protected":false},"author":2,"featured_media":0,"comment_status":"open","ping_status":"open","sticky":false,"template":"","format":"standard","meta":{"footnotes":""},"categories":[],"tags":[],"class_list":["post-162","post","type-post","status-publish","format-standard","hentry"],"_links":{"self":[{"href":"http:\/\/www.chapelle-crecy.com\/index.php?rest_route=\/wp\/v2\/posts\/162","targetHints":{"allow":["GET"]}}],"collection":[{"href":"http:\/\/www.chapelle-crecy.com\/index.php?rest_route=\/wp\/v2\/posts"}],"about":[{"href":"http:\/\/www.chapelle-crecy.com\/index.php?rest_route=\/wp\/v2\/types\/post"}],"author":[{"embeddable":true,"href":"http:\/\/www.chapelle-crecy.com\/index.php?rest_route=\/wp\/v2\/users\/2"}],"replies":[{"embeddable":true,"href":"http:\/\/www.chapelle-crecy.com\/index.php?rest_route=%2Fwp%2Fv2%2Fcomments&post=162"}],"version-history":[{"count":0,"href":"http:\/\/www.chapelle-crecy.com\/index.php?rest_route=\/wp\/v2\/posts\/162\/revisions"}],"wp:attachment":[{"href":"http:\/\/www.chapelle-crecy.com\/index.php?rest_route=%2Fwp%2Fv2%2Fmedia&parent=162"}],"wp:term":[{"taxonomy":"category","embeddable":true,"href":"http:\/\/www.chapelle-crecy.com\/index.php?rest_route=%2Fwp%2Fv2%2Fcategories&post=162"},{"taxonomy":"post_tag","embeddable":true,"href":"http:\/\/www.chapelle-crecy.com\/index.php?rest_route=%2Fwp%2Fv2%2Ftags&post=162"}],"curies":[{"name":"wp","href":"https:\/\/api.w.org\/{rel}","templated":true}]}}