{"id":164,"date":"2009-10-03T20:19:00","date_gmt":"2009-10-03T20:19:00","guid":{"rendered":""},"modified":"-0001-11-30T00:00:00","modified_gmt":"-0001-11-29T22:00:00","slug":"","status":"publish","type":"post","link":"http:\/\/www.chapelle-crecy.com\/?p=164","title":{"rendered":"Annonces de la semaine du 4 au 11 octobre 2009"},"content":{"rendered":"<table bgcolor =\"F0FAFF\" border=0>\n<tbody>\n<tr>\n<td>\n<div align=\"justify\">\n<div \"80\">Voici les annonces de la semaine du dimanche 4 au dimanche 11 octobre pour la paroisse des 3 clochers Cr\u00e9cy-la-Chapelle, Villiers-sur-Morin, Voulangis.<\/div>\n<\/div>\n<\/td>\n<\/tr>\n<\/tbody>\n<\/table>\n<table bgcolor =\"F0FAFF\" border=1>\n<tbody>\n<tr>\n<td><font color=\"0020FF\">Dimanche 4 octobre<\/font><\/td>\n<td><font color=\"0020FF\">10 h 30  Messe \u00e0 Cr\u00e9cy pour Anne et Ren\u00e9 Couvri.<br \/>Nous prierons \u00e9galement pour Edmond LECLERCQ inhum\u00e9 cette semaine.<br \/>\n11 h 45 &#8211; Bapt\u00eame de Emmy AUDEBERT et Melyann et Tialya FLORES.<\/font><\/td>\n<\/tr>\n<tr>\n<td width=150><font color=\"0020FF\">Lundi 5 octobre<\/font><\/td>\n<td><font color=\"0020FF\">18 h &#8211; Messe \u00e0 Cr\u00e9cy pour Andr\u00e9 DESMARETS.<br \/>\n14 h 30 &#8211; R\u00e9union de l&rsquo;\u00e9quipe du rosaire chez Mme LOUIS.<\/font><\/td>\n<\/tr>\n<tr>\n<td><font color=\"0020FF\">Jeudi 8 octobre<\/font><\/td>\n<td><font color=\"0020FF\">18 h &#8211;  Messe \u00e0 Cr\u00e9cy pour Mathias CURIC.<\/font><\/td>\n<\/tr>\n<tr>\n<td><font color=\"0020FF\">Vendredi 9 octobre<\/font><\/td>\n<td><font color=\"0020FF\">18 h &#8211;  Messe \u00e0 Cr\u00e9cy pour Andr\u00e9 GROSSET.<\/font><\/td>\n<\/tr>\n<tr>\n<td><font color=\"0020FF\">Samedi 10 octobre<\/font><\/td>\n<td><font color=\"0020FF\">11 h &#8211;  A la cath\u00e9drale de Meaux, messe d&rsquo;action de gr\u00e2ces avec les donateurs du denier de l&rsquo;Eglise. Elle sera c\u00e9l\u00e9br\u00e9e par le P\u00e8re Ev\u00eaque entour\u00e9 de tous ses pr\u00eatres.<br \/>\n18 h 30 &#8211; Messe \u00e0 Voulangis pour Raymonde LEMPEREUR.<br \/>\n20 h &#8211; A Cr\u00e9cy s\u00e9ance MEJ pour l&rsquo;\u00e9quipe T\u00e9moins d&rsquo;Aujourd&rsquo;hui \u00e0 la salle paroissiale.<\/font><\/td>\n<\/tr>\n<tr>\n<td><font color=\"0020FF\">Dimanche 11 octobre<\/font><\/td>\n<td><font color=\"0020FF\">10 h 30   Messe \u00e0 Cr\u00e9cy pour Philippe CAIN.<\/font><\/td>\n<\/tr>\n<\/tbody>\n<\/table>\n<\/td>\n<\/tbody>\n<\/table>\n","protected":false},"excerpt":{"rendered":"<p>Voici les annonces de la semaine du dimanche 4 au dimanche 11 octobre pour la paroisse des 3 clochers Cr\u00e9cy-la-Chapelle, Villiers-sur-Morin, Voulangis. Dimanche 4 octobre 10 h 30 Messe \u00e0 Cr\u00e9cy pour Anne et&#46;&#46;&#46;<\/p>\n","protected":false},"author":2,"featured_media":0,"comment_status":"open","ping_status":"open","sticky":false,"template":"","format":"standard","meta":{"footnotes":""},"categories":[],"tags":[],"class_list":["post-164","post","type-post","status-publish","format-standard","hentry"],"_links":{"self":[{"href":"http:\/\/www.chapelle-crecy.com\/index.php?rest_route=\/wp\/v2\/posts\/164","targetHints":{"allow":["GET"]}}],"collection":[{"href":"http:\/\/www.chapelle-crecy.com\/index.php?rest_route=\/wp\/v2\/posts"}],"about":[{"href":"http:\/\/www.chapelle-crecy.com\/index.php?rest_route=\/wp\/v2\/types\/post"}],"author":[{"embeddable":true,"href":"http:\/\/www.chapelle-crecy.com\/index.php?rest_route=\/wp\/v2\/users\/2"}],"replies":[{"embeddable":true,"href":"http:\/\/www.chapelle-crecy.com\/index.php?rest_route=%2Fwp%2Fv2%2Fcomments&post=164"}],"version-history":[{"count":0,"href":"http:\/\/www.chapelle-crecy.com\/index.php?rest_route=\/wp\/v2\/posts\/164\/revisions"}],"wp:attachment":[{"href":"http:\/\/www.chapelle-crecy.com\/index.php?rest_route=%2Fwp%2Fv2%2Fmedia&parent=164"}],"wp:term":[{"taxonomy":"category","embeddable":true,"href":"http:\/\/www.chapelle-crecy.com\/index.php?rest_route=%2Fwp%2Fv2%2Fcategories&post=164"},{"taxonomy":"post_tag","embeddable":true,"href":"http:\/\/www.chapelle-crecy.com\/index.php?rest_route=%2Fwp%2Fv2%2Ftags&post=164"}],"curies":[{"name":"wp","href":"https:\/\/api.w.org\/{rel}","templated":true}]}}