{"id":166,"date":"2009-10-10T20:08:00","date_gmt":"2009-10-10T20:08:00","guid":{"rendered":""},"modified":"-0001-11-30T00:00:00","modified_gmt":"-0001-11-29T22:00:00","slug":"","status":"publish","type":"post","link":"http:\/\/www.chapelle-crecy.com\/?p=166","title":{"rendered":"Annonces de la semaine du 11 au 18 octobre 2009"},"content":{"rendered":"<table bgcolor =\"F0FAFF\" border=0>\n<tbody>\n<tr>\n<td>\n<div align=\"justify\">\n<div \"83\">Voici les annonces de la semaine du dimanche 11 au dimanche 18 octobre pour la paroisse des 3 clochers Cr\u00e9cy-la-Chapelle, Villiers-sur-Morin, Voulangis.<\/div>\n<\/div>\n<\/td>\n<\/tr>\n<\/tbody>\n<\/table>\n<table bgcolor =\"F0FAFF\" border=1>\n<tbody>\n<tr>\n<td><font color=\"0020FF\">Dimanche 11 octobre<\/font><\/td>\n<td><font color=\"0020FF\">10 h 30   Messe \u00e0 Cr\u00e9cy pour Philippe CAIN.<br \/>\nNous prierons \u00e9galement pour Roger LABARRE inhum\u00e9 cette semaine.<\/font><\/td>\n<\/tr>\n<tr>\n<td width=150><font color=\"0020FF\">Lundi 12 octobre<\/font><\/td>\n<td><font color=\"0020FF\">18 h &#8211; Messe \u00e0 Cr\u00e9cy pour Micheline et Frank ANDSELL.<\/font><\/td>\n<\/tr>\n<tr>\n<td><font color=\"0020FF\">Mardi 13 octobre<\/font><\/td>\n<td><font color=\"0020FF\">15 h &#8211;  Obs\u00e8ques \u00e0 Cr\u00e9cy de Julian GONZALEZ-HERNANDEZ.<\/font><\/td>\n<\/tr>\n<tr>\n<td><font color=\"0020FF\">Jeudi 15 octobre<\/font><\/td>\n<td><font color=\"0020FF\">18 h &#8211;  Messe \u00e0 Cr\u00e9cy pour  les AMES DU PURGATOIRE.<\/font><\/td>\n<\/tr>\n<tr>\n<td><font color=\"0020FF\">Vendredi 16 octobre<\/font><\/td>\n<td><font color=\"0020FF\">16 h &#8211;  Messe \u00e0 Cr\u00e9cy pour  Daniel BROUILLET.<\/font><\/td>\n<\/tr>\n<tr>\n<td><font color=\"0020FF\">Samedi 17 octobre<\/font><\/td>\n<td><font color=\"0020FF\">10 h \u00e0 11 h 30  R\u00e9union de l&rsquo;Equipe MEJ \u00ab Jeunes T\u00e9moins \u00bb \u00e0 la salle paroissiale.<br \/>\n18 h 30 &#8211; Messe \u00e0 Villiers pour Gilberte TASSAN.<br \/>\n20 h &#8211; R\u00e9union de l&rsquo;\u00e9quipe MEJ \u00ab T\u00e9moins d&rsquo;Aujourd&rsquo;hui \u00bb \u00e0 la salle paroissiale.<\/font><\/td>\n<\/tr>\n<tr>\n<td><font color=\"0020FF\">Dimanche 18 octobre<\/font><\/td>\n<td><font color=\"0020FF\">10 h 30   Messe \u00e0 Cr\u00e9cy pour Louis JACOB.<br \/>\n11 h  Messe \u00e0 l&rsquo;\u00e9glise Saint Damien,  \u00e0 Beauval, pour f\u00eater la canonisation du P\u00e8re DAMIEN, fondateur des P\u00e8res du Sacr\u00e9 Coeur. Cette c\u00e9l\u00e9bration sera suivie d&rsquo;un pique-nique tir\u00e9 du  sac, Puis d&rsquo;une conf\u00e9rence sur le P\u00e8re DAMIEN.<font><\/td>\n<\/tr>\n<\/tbody>\n<\/table>\n<\/td>\n<\/tbody>\n<\/table>\n","protected":false},"excerpt":{"rendered":"<p>Voici les annonces de la semaine du dimanche 11 au dimanche 18 octobre pour la paroisse des 3 clochers Cr\u00e9cy-la-Chapelle, Villiers-sur-Morin, Voulangis. Dimanche 11 octobre 10 h 30 Messe \u00e0 Cr\u00e9cy pour Philippe CAIN.&#46;&#46;&#46;<\/p>\n","protected":false},"author":2,"featured_media":0,"comment_status":"open","ping_status":"open","sticky":false,"template":"","format":"standard","meta":{"footnotes":""},"categories":[],"tags":[],"class_list":["post-166","post","type-post","status-publish","format-standard","hentry"],"_links":{"self":[{"href":"http:\/\/www.chapelle-crecy.com\/index.php?rest_route=\/wp\/v2\/posts\/166","targetHints":{"allow":["GET"]}}],"collection":[{"href":"http:\/\/www.chapelle-crecy.com\/index.php?rest_route=\/wp\/v2\/posts"}],"about":[{"href":"http:\/\/www.chapelle-crecy.com\/index.php?rest_route=\/wp\/v2\/types\/post"}],"author":[{"embeddable":true,"href":"http:\/\/www.chapelle-crecy.com\/index.php?rest_route=\/wp\/v2\/users\/2"}],"replies":[{"embeddable":true,"href":"http:\/\/www.chapelle-crecy.com\/index.php?rest_route=%2Fwp%2Fv2%2Fcomments&post=166"}],"version-history":[{"count":0,"href":"http:\/\/www.chapelle-crecy.com\/index.php?rest_route=\/wp\/v2\/posts\/166\/revisions"}],"wp:attachment":[{"href":"http:\/\/www.chapelle-crecy.com\/index.php?rest_route=%2Fwp%2Fv2%2Fmedia&parent=166"}],"wp:term":[{"taxonomy":"category","embeddable":true,"href":"http:\/\/www.chapelle-crecy.com\/index.php?rest_route=%2Fwp%2Fv2%2Fcategories&post=166"},{"taxonomy":"post_tag","embeddable":true,"href":"http:\/\/www.chapelle-crecy.com\/index.php?rest_route=%2Fwp%2Fv2%2Ftags&post=166"}],"curies":[{"name":"wp","href":"https:\/\/api.w.org\/{rel}","templated":true}]}}