{"id":167,"date":"2009-10-12T11:10:00","date_gmt":"2009-10-12T11:10:00","guid":{"rendered":""},"modified":"-0001-11-30T00:00:00","modified_gmt":"-0001-11-29T22:00:00","slug":"","status":"publish","type":"post","link":"http:\/\/www.chapelle-crecy.com\/?p=167","title":{"rendered":"Le murmure du Grand-Livre"},"content":{"rendered":"<table bgcolor =\"F0FAFF\" border=0>\n<tbody>\n<tr>\n<td>\n<div align=\"justify\">\n<div \"84\">LE MURMURE DU GRAND LIVRE<br \/>\nUn No\u00f6l Exceptionnel \u00e0\u00a0 la Cath\u00e9drale de MEAUX !<br \/>\nL&rsquo;Association Joie et Partage pr\u00e9sente les 18 et 20 d\u00e9cembre 2009<br \/>\nUn Spectacle Son et Lumi\u00e8re, \u00e9crit par James PRIEUX, auteur du Spectacle Historique de Meaux.<br \/>\n<font color=\"FF0000\">Appel \u00e0\u00a0 candidature<\/font>\n<\/div>\n<\/div>\n<\/td>\n<\/tr>\n<\/tbody>\n<\/table>\n<table bgcolor =\"F0FAFF\" border=0>\n<tbody>\n<tr>\n<td>\n<div align=\"justify\">Pour l&rsquo;appel \u00e0 candidature de musiciens pour composer l&rsquo;Orchestre Symphonique, voici la liste des instruments n\u00e9cessaires et recherch\u00e9s.<br \/>\nLes candidats doivent se mettre directement en contact avec la chef d&rsquo;orchestre Mme Sabine DIAZ . \u00a0\u00bb pour le Murmure du Grand Livre\u00a0\u00bb<br \/>\nVoici ses coordonn\u00e9es : sabine@symphonique.org \/ 01 72 30 66 21.<br \/>\n<br \/>\n&#8211; Flutes<br \/>\n&#8211; Hautbois<br \/>\n&#8211; Clarinettes<br \/>\n&#8211; Harpe<br \/> <br \/>\n&#8211; Violons 1<br \/>\n&#8211; Violons 2<br \/>\n&#8211; Altos<br \/>\n&#8211; Violoncelles<br \/>\n&#8211; Contrebasse<br \/>\n&#8211; Cors<br \/>\n&#8211; Pianiste (celui ci en cas de disponibilit\u00e9 dans la semaine sera sollicit\u00e9 pour accompagner la chef de choeur  gospel un mardi sur deux lors des r\u00e9p\u00e9titions).<\/p>\n<p>Dates des r\u00e9p\u00e9titions des chants: <br \/>\nJOUR HEURE  |LIEU |  Animation    |     Choeur  |  \u00e9v\u00e9nement<br \/>\nMar 06\/10  18h-20h    |     Conservatoire |   Isabelle  |   Petit Ch  |R\u00e9p\u00e9tition<br \/>\nMar 13\/10  18h-20h     |    Conservatoire     |          Nicole         |       Petit Ch |  R\u00e9p\u00e9tition<br \/>\nMar 20\/10  18h-20h      |   Conservatoire      |         Isabelle       |             Petit Ch |  R\u00e9p\u00e9tition<br \/>\nSam 24\/10  14h-18h      |  Conservatoire       |        Nicole &#038; Isabelle |      Petit &#038; Grand Ch | R\u00e9p\u00e9tition<br \/>\nMar 10\/11  18h-20h        | Conservatoire        |       Nicole                   |   Petit Ch  | R\u00e9p\u00e9tition<br \/>\nMar 17\/11  18h-20h  |       Conservatoire         |      Isabelle                 |   Petit Ch |  R\u00e9p\u00e9tition<br \/>\nMar 24\/11  18h-20h   |      Conservatoire          |     Nicole                      |Petit Ch |  R\u00e9p\u00e9tition<br \/>\nSam 28\/11  15h-18h   |     Cath\u00e9drale                |   Nicole &#038; Isabelle |      Petit &#038; Grand Ch | R\u00e9p\u00e9tition<br \/>\nMar 01\/12  18h-20h     |    Conservatoire             |   Isabelle              |      Petit Ch |  R\u00e9p\u00e9tition<br \/>\nSam 05\/12  14h-18h     |   Conservatoire              |  Nicole &#038; Isabelle  |     Petit &#038; Grand Ch |  R\u00e9p\u00e9tition<br \/>\nMar 08\/12  18h-20h       |  Conservatoire          |      Nicole                    &#8211;   Petit Ch  | R\u00e9p\u00e9tition<br \/>\nSam 12\/12  18h-20h       | Conservatoire           |    Nicole &#038; Isabelle      |  Petit &#038; Grand Ch | Pr\u00e9-G\u00e9n\u00e9rale<br \/>\nJeu 17\/12  18h-20h    |       Cath\u00e9drale                |  Nicole &#038; Isabelle     |   Petit &#038; Grand Ch  |  G\u00e9n\u00e9rale<\/p>\n<p>Nous recherchons \u00e9galement des logisticiens, des infirmi\u00e8res, des personnes pour assurer l&rsquo;accueil.<\/p>\n<\/div>\n<\/td>\n<\/tr>\n<\/tbody>\n<\/table>\n","protected":false},"excerpt":{"rendered":"<p>LE MURMURE DU GRAND LIVRE Un No\u00f6l Exceptionnel \u00e0\u00a0 la Cath\u00e9drale de MEAUX ! L&rsquo;Association Joie et Partage pr\u00e9sente les 18 et 20 d\u00e9cembre 2009 Un Spectacle Son et Lumi\u00e8re, \u00e9crit par James PRIEUX,&#46;&#46;&#46;<\/p>\n","protected":false},"author":2,"featured_media":0,"comment_status":"open","ping_status":"open","sticky":false,"template":"","format":"standard","meta":{"footnotes":""},"categories":[],"tags":[],"class_list":["post-167","post","type-post","status-publish","format-standard","hentry"],"_links":{"self":[{"href":"http:\/\/www.chapelle-crecy.com\/index.php?rest_route=\/wp\/v2\/posts\/167","targetHints":{"allow":["GET"]}}],"collection":[{"href":"http:\/\/www.chapelle-crecy.com\/index.php?rest_route=\/wp\/v2\/posts"}],"about":[{"href":"http:\/\/www.chapelle-crecy.com\/index.php?rest_route=\/wp\/v2\/types\/post"}],"author":[{"embeddable":true,"href":"http:\/\/www.chapelle-crecy.com\/index.php?rest_route=\/wp\/v2\/users\/2"}],"replies":[{"embeddable":true,"href":"http:\/\/www.chapelle-crecy.com\/index.php?rest_route=%2Fwp%2Fv2%2Fcomments&post=167"}],"version-history":[{"count":0,"href":"http:\/\/www.chapelle-crecy.com\/index.php?rest_route=\/wp\/v2\/posts\/167\/revisions"}],"wp:attachment":[{"href":"http:\/\/www.chapelle-crecy.com\/index.php?rest_route=%2Fwp%2Fv2%2Fmedia&parent=167"}],"wp:term":[{"taxonomy":"category","embeddable":true,"href":"http:\/\/www.chapelle-crecy.com\/index.php?rest_route=%2Fwp%2Fv2%2Fcategories&post=167"},{"taxonomy":"post_tag","embeddable":true,"href":"http:\/\/www.chapelle-crecy.com\/index.php?rest_route=%2Fwp%2Fv2%2Ftags&post=167"}],"curies":[{"name":"wp","href":"https:\/\/api.w.org\/{rel}","templated":true}]}}