{"id":1676,"date":"2024-07-27T10:22:37","date_gmt":"2024-07-27T08:22:37","guid":{"rendered":"https:\/\/www.chapelle-crecy.com\/?p=1676"},"modified":"2024-07-27T10:22:37","modified_gmt":"2024-07-27T08:22:37","slug":"annonces-du-lundi-29-juillet-au-dimanche-4-aout-2024","status":"publish","type":"post","link":"http:\/\/www.chapelle-crecy.com\/?p=1676","title":{"rendered":"Annonces du samedi 27 juillet au dimanche 4 aout 2024"},"content":{"rendered":"<table>\n<tbody>\n<tr>\n<td style=\"text-align: left;\"><strong><u>Samedi 27 aout<\/u> :<\/td>\n<td style=\"text-align: left;\"><strong>Pas de Messe en Paroisse<\/strong><\/td>\n<\/tr>\n<tr>\n<td style=\"text-align: left;\"><strong><u>Dimanche 28 juillet<\/u> :<\/td>\n<td style=\"text-align: left;\"><strong><u>10h30 : <\/u>Messe \u00e0 La Coll\u00e9giale.<br \/>\nMesse pour Mme Marcelle MERY inhum\u00e9e cette semaine.<\/strong><\/td>\n<\/tr>\n<tr>\n<td style=\"text-align: left;\" width=\"20%\"><strong><u>Mardi 30 juillet<\/u>\u00a0:<\/strong><\/td>\n<td style=\"text-align: left;\"><strong><u>9h00\u00a0:<\/u> Messe \u00e0 St Georges \u00e0 Cr\u00e9cy<\/strong><\/td>\n<\/tr>\n<tr>\n<td style=\"text-align: left;\"><strong><u>Jeudi 1er aout\u00a0:<\/u><\/strong><\/td>\n<td style=\"text-align: left;\"><strong><u>9h\u00a0:<\/u> Messe \u00e0 Cr\u00e9cy.<\/strong><\/td>\n<\/tr>\n<tr>\n<td style=\"text-align: left;\"><strong><u>Vendredi 2 aout<\/u> :\u00a0\u00a0<\/strong><\/td>\n<td style=\"text-align: left;\"><strong><u>18h :<\/u> Messe \u00e0 Cr\u00e9cy, suivie de l&rsquo;adoration du St Sacrement<\/u><\/strong><\/td>\n<\/tr>\n<tr>\n<td style=\"text-align: left;\"><strong><u>Samedi 3 aout<\/u> :<\/td>\n<td style=\"text-align: left;\"><strong>Pas de Messe en Paroisse<\/strong><\/td>\n<\/tr>\n<tr>\n<td style=\"text-align: left;\"><strong><u>Dimanche 4 aout<\/u> :<\/td>\n<td style=\"text-align: left;\"><strong><u>10h30 : <\/u>Messe \u00e0 l&rsquo;\u00e9glise St Georges \u00e0 Cr\u00e9cy.<br \/>Messe d&rsquo;action de Gr\u00e2ce pour le P\u00e8re Antoine. Messe pour Mr Maurice MEUNIER. <br \/>Bapt\u00eames de Gabriel JOSEPH AUGUSTE RENAUDIN, Jahis et Wilden MANLIUS.<\/strong><\/td>\n<\/tr>\n<\/tbody>\n<\/table>\n","protected":false},"excerpt":{"rendered":"<p>Samedi 27 aout : Pas de Messe en Paroisse Dimanche 28 juillet : 10h30 : Messe \u00e0 La Coll\u00e9giale. Messe pour Mme Marcelle MERY inhum\u00e9e cette semaine. Mardi 30 juillet\u00a0: 9h00\u00a0: Messe \u00e0 St&#46;&#46;&#46;<\/p>\n","protected":false},"author":1,"featured_media":0,"comment_status":"open","ping_status":"open","sticky":false,"template":"","format":"standard","meta":{"footnotes":""},"categories":[2],"tags":[],"class_list":["post-1676","post","type-post","status-publish","format-standard","hentry","category-annonces"],"_links":{"self":[{"href":"http:\/\/www.chapelle-crecy.com\/index.php?rest_route=\/wp\/v2\/posts\/1676","targetHints":{"allow":["GET"]}}],"collection":[{"href":"http:\/\/www.chapelle-crecy.com\/index.php?rest_route=\/wp\/v2\/posts"}],"about":[{"href":"http:\/\/www.chapelle-crecy.com\/index.php?rest_route=\/wp\/v2\/types\/post"}],"author":[{"embeddable":true,"href":"http:\/\/www.chapelle-crecy.com\/index.php?rest_route=\/wp\/v2\/users\/1"}],"replies":[{"embeddable":true,"href":"http:\/\/www.chapelle-crecy.com\/index.php?rest_route=%2Fwp%2Fv2%2Fcomments&post=1676"}],"version-history":[{"count":2,"href":"http:\/\/www.chapelle-crecy.com\/index.php?rest_route=\/wp\/v2\/posts\/1676\/revisions"}],"predecessor-version":[{"id":1679,"href":"http:\/\/www.chapelle-crecy.com\/index.php?rest_route=\/wp\/v2\/posts\/1676\/revisions\/1679"}],"wp:attachment":[{"href":"http:\/\/www.chapelle-crecy.com\/index.php?rest_route=%2Fwp%2Fv2%2Fmedia&parent=1676"}],"wp:term":[{"taxonomy":"category","embeddable":true,"href":"http:\/\/www.chapelle-crecy.com\/index.php?rest_route=%2Fwp%2Fv2%2Fcategories&post=1676"},{"taxonomy":"post_tag","embeddable":true,"href":"http:\/\/www.chapelle-crecy.com\/index.php?rest_route=%2Fwp%2Fv2%2Ftags&post=1676"}],"curies":[{"name":"wp","href":"https:\/\/api.w.org\/{rel}","templated":true}]}}