{"id":168,"date":"2009-10-15T18:12:48","date_gmt":"2009-10-15T18:12:48","guid":{"rendered":""},"modified":"-0001-11-30T00:00:00","modified_gmt":"-0001-11-29T22:00:00","slug":"","status":"publish","type":"post","link":"http:\/\/www.chapelle-crecy.com\/?p=168","title":{"rendered":"Je m&rsquo;appelle Aim\u00e9"},"content":{"rendered":"<table bgcolor =\"F0FAFF\" border=0>\n<tbody>\n<tr>\n<td>\n<div align=\"justify\">\n<div \"85\">Je m&rsquo;appelle Aim\u00e9-Fr\u00e9d\u00e9ric HOUNZANDJI. Je suis n\u00e9 en 1973 au B\u00e9nin et  pr\u00eatre depuis le 26 Octobre 2002. <br \/>Apr\u00e8s l&rsquo;ordination, j&rsquo;ai v\u00e9cu deux ann\u00e9es de vicaire en paroisse \u00e0\u00a0 Cotonou. <br \/>Puis, en 2004, j&rsquo;ai \u00e9t\u00e9 nomm\u00e9 aum nier au Coll\u00e8ge Catholique P\u00e8re Aupiais dans la m\u00eame ville. Avec  l&rsquo;aum nerie j&rsquo;ai cumul\u00e9 la direction de l&rsquo;internat du coll\u00e8ge en 2005. <br \/>Enfin, l&rsquo;\u00e9v\u00eaque m&rsquo;a nomm\u00e9 directeur du coll\u00e8ge en Ao\u00fbt 2006. <\/div>\n<\/div>\n<\/td>\n<\/tr>\n<\/tbody>\n<\/table>\n<table bgcolor =\"F0FAFF\" border=0>\n<tbody>\n<tr>\n<td>\n<div align=\"justify\">En plus de la responsabilit\u00e9 du coll\u00e8ge, j&rsquo;\u00e9tais aussi directeur de Classes Pr\u00e9paratoires d\u00e9marr\u00e9es en 2008, en partenariat avec deux \u00e9coles fran\u00e7aises d&rsquo;ing\u00e9nieurs ( ESIGELEC de ROUEN et 3IL de LIMOGES) et une \u00e9cole s\u00e9n\u00e9galaise ( ESMT de DAKAR). J&rsquo;avais \u00e9galement la charge pastorale de la communaut\u00e9 paroissiale, celle Saints Pierre et Paul \u00e0  Cotonou.<\/diV><br \/>\n<\/p>\n<div align=\"justify\">Le coll\u00e8ge-Lyc\u00e9e P\u00e8re  Aupiais est un groupe humain de presque 1900 \u00e9l\u00e8ves, plus de 130 professeurs permanents et vacataires, 60 personnes dans les divers services d&rsquo;administration et de gestion et 8 pr\u00eatres dans l&rsquo;\u00e9quipe de direction. <\/div>\n<p><\/p>\n<div align=\"justify\">Maintenant, je passe le t\u00e9moin pour me retrouver dans le Dioc\u00e8se de Meaux, sur le secteur de Cr\u00e9cy-La-Chapelle afin de poursuivre la route pastorale en Eglise et la mission d&rsquo;\u00e9tudes qui s&rsquo;ouvrent devant moi.<\/div>\n<p><\/p>\n<div align=\"justify\">Ainsi, \u00e0 l&rsquo;Institut Catholique de Paris j&rsquo;\u00e9tudierai les Sciences de l&rsquo;Education afin d&rsquo;approfondir mon exp\u00e9rience de directeur de coll\u00e8ge et mieux me pr\u00e9parer \u00e0 tout apostolat d&rsquo;\u00e9ducation et toute pastorale au service de la jeunesse. Mon \u00e9v\u00eaque m&rsquo;a demand\u00e9 de pr\u00e9parer une th\u00e8se doctorale.<\/p>\n<p>Que le Seigneur me guide chaque jour au sentier de vie !\n<\/p><\/div>\n<p><\/p>\n<div align=\"center\">\n<img decoding=\"async\" src=\"\/IMG\/jpg\/aime2.jpg\" width=400><\/div>\n<\/td>\n<\/tr>\n<\/tbody>\n<\/table>\n","protected":false},"excerpt":{"rendered":"<p>Je m&rsquo;appelle Aim\u00e9-Fr\u00e9d\u00e9ric HOUNZANDJI. Je suis n\u00e9 en 1973 au B\u00e9nin et pr\u00eatre depuis le 26 Octobre 2002. Apr\u00e8s l&rsquo;ordination, j&rsquo;ai v\u00e9cu deux ann\u00e9es de vicaire en paroisse \u00e0\u00a0 Cotonou. Puis, en 2004, j&rsquo;ai&#46;&#46;&#46;<\/p>\n","protected":false},"author":2,"featured_media":0,"comment_status":"open","ping_status":"open","sticky":false,"template":"","format":"standard","meta":{"footnotes":""},"categories":[],"tags":[],"class_list":["post-168","post","type-post","status-publish","format-standard","hentry"],"_links":{"self":[{"href":"http:\/\/www.chapelle-crecy.com\/index.php?rest_route=\/wp\/v2\/posts\/168","targetHints":{"allow":["GET"]}}],"collection":[{"href":"http:\/\/www.chapelle-crecy.com\/index.php?rest_route=\/wp\/v2\/posts"}],"about":[{"href":"http:\/\/www.chapelle-crecy.com\/index.php?rest_route=\/wp\/v2\/types\/post"}],"author":[{"embeddable":true,"href":"http:\/\/www.chapelle-crecy.com\/index.php?rest_route=\/wp\/v2\/users\/2"}],"replies":[{"embeddable":true,"href":"http:\/\/www.chapelle-crecy.com\/index.php?rest_route=%2Fwp%2Fv2%2Fcomments&post=168"}],"version-history":[{"count":0,"href":"http:\/\/www.chapelle-crecy.com\/index.php?rest_route=\/wp\/v2\/posts\/168\/revisions"}],"wp:attachment":[{"href":"http:\/\/www.chapelle-crecy.com\/index.php?rest_route=%2Fwp%2Fv2%2Fmedia&parent=168"}],"wp:term":[{"taxonomy":"category","embeddable":true,"href":"http:\/\/www.chapelle-crecy.com\/index.php?rest_route=%2Fwp%2Fv2%2Fcategories&post=168"},{"taxonomy":"post_tag","embeddable":true,"href":"http:\/\/www.chapelle-crecy.com\/index.php?rest_route=%2Fwp%2Fv2%2Ftags&post=168"}],"curies":[{"name":"wp","href":"https:\/\/api.w.org\/{rel}","templated":true}]}}