{"id":169,"date":"2009-10-17T16:20:00","date_gmt":"2009-10-17T16:20:00","guid":{"rendered":""},"modified":"-0001-11-30T00:00:00","modified_gmt":"-0001-11-29T22:00:00","slug":"","status":"publish","type":"post","link":"http:\/\/www.chapelle-crecy.com\/?p=169","title":{"rendered":"Annonces de la semaine du 18 au 25 octobre 2009"},"content":{"rendered":"<table bgcolor =\"F0FAFF\" border=0>\n<tbody>\n<tr>\n<td>\n<div align=\"justify\">\n<div \"86\">Voici les annonces de la semaine du dimanche 18 au dimanche 25 octobre pour la paroisse des 3 clochers Cr\u00e9cy-la-Chapelle, Villiers-sur-Morin, Voulangis.<\/div>\n<\/div>\n<\/td>\n<\/tr>\n<\/tbody>\n<\/table>\n<table bgcolor =\"F0FAFF\" border=1>\n<tbody>\n<tr>\n<td><font color=\"0020FF\">Dimanche 18 octobre<\/font><\/td>\n<td><font color=\"0020FF\">10 h 30   Messe \u00e0 Cr\u00e9cy pour Louis JACOB. <br \/>Nous avons \u00e9galement pri\u00e9 pour Julian GONZALEZ inhum\u00e9 cette semaine.<br \/>\n11 h  Messe \u00e0 l&rsquo;\u00e9glise Saint Damien \u00e0 Beauval pour f\u00eater la canonisation du P\u00e8re DAMIEN, fondateur des P\u00e8res du Sacr\u00e9 Coeur. Cette c\u00e9l\u00e9bration sera suivie d&rsquo;un pique-nique tir\u00e9 du  sac, puis d&rsquo;une conf\u00e9rence sur le P\u00e8re DAMIEN.<font><\/td>\n<\/tr>\n<tr>\n<td width=150><font color=\"0020FF\">Lundi 19 octobre<\/font><\/td>\n<td><font color=\"0020FF\">14 h 30 &#8211; R\u00e9union de l&rsquo;\u00e9quipe du Rosaire \u00e0 Villiers, chez Mme ADAM.<br \/>\n18 h &#8211; La Messe \u00e0 Cr\u00e9cy <font color=\"FF0000\">aura lieu exceptionnellement au presbyt\u00e8re<\/fonT> en raison de la r\u00e9p\u00e9tition du choeur de chant \u00e0 la m\u00eame heure \u00e0 l&rsquo;\u00e9glise. Elle sera c\u00e9l\u00e9br\u00e9e pour la famille THION-MUNIER.<br \/>\n18 h &#8211; R\u00e9p\u00e9tition de chants \u00e0 l&rsquo;\u00e9glise.<br \/>\n20 h 30 &#8211; R\u00e9union des Cat\u00e9chistes.<\/font><\/td>\n<\/tr>\n<tr>\n<td><font color=\"0020FF\">Mercredi 21 octobre<\/font><\/td>\n<td><font color=\"0020FF\">de 14h30 \u00e0 16 h &#8211;   R\u00e9union des enfants de l&rsquo;Eveil \u00e0 la Foi.<br \/>\n16 h &#8211; R\u00e9union de l&rsquo;\u00e9quipe du Secours Catholique.<br \/>\n20 h &#8211; R\u00e9union des parents et enfants de la Cat\u00e9ch\u00e8se.<\/font><\/td>\n<\/tr>\n<tr>\n<td><font color=\"0020FF\">Jeudi 22  octobre<\/font><\/td>\n<td><font color=\"0020FF\">18 h &#8211;  Messe \u00e0 Cr\u00e9cy pour  les AMES DU PURGATOIRE.<\/font><\/td>\n<\/tr>\n<tr>\n<td><font color=\"0020FF\">Vendredi 23 octobre<\/font><\/td>\n<td><font color=\"0020FF\">18 h &#8211;  Messe \u00e0 Cr\u00e9cy pour Daniel BROUILLET.<\/font><\/td>\n<\/tr>\n<tr>\n<td><font color=\"0020FF\">Samedi 24 octobre<\/font><\/td>\n<td><font color=\"0020FF\">10 h \u00e0 11 h 30 &#8211;  R\u00e9union de l&rsquo;Equipe MEJ \u00abJeunes T\u00e9moins \u00bb \u00e0 la salle paroissiale.<br \/>\n16 h &#8211; mariage VAN CAMPEN  CAIN \u00e0 la Coll\u00e9giale.<br \/>\n18 h 30 &#8211; Messe \u00e0 Voulangis   pour Georges PIGEON.<\/font><\/td>\n<\/tr>\n<tr>\n<td><font color=\"0020FF\">Dimanche 25 octobre<\/font><\/td>\n<td><font color=\"0020FF\">10 h 30 &#8211; A Cr\u00e9cy, Messe anniversaire pour Marie DEBIEF.<\/font><\/td>\n<\/tr>\n<\/tbody>\n<\/table>\n<\/td>\n<\/tbody>\n<\/table>\n","protected":false},"excerpt":{"rendered":"<p>Voici les annonces de la semaine du dimanche 18 au dimanche 25 octobre pour la paroisse des 3 clochers Cr\u00e9cy-la-Chapelle, Villiers-sur-Morin, Voulangis. Dimanche 18 octobre 10 h 30 Messe \u00e0 Cr\u00e9cy pour Louis JACOB.&#46;&#46;&#46;<\/p>\n","protected":false},"author":2,"featured_media":0,"comment_status":"open","ping_status":"open","sticky":false,"template":"","format":"standard","meta":{"footnotes":""},"categories":[],"tags":[],"class_list":["post-169","post","type-post","status-publish","format-standard","hentry"],"_links":{"self":[{"href":"http:\/\/www.chapelle-crecy.com\/index.php?rest_route=\/wp\/v2\/posts\/169","targetHints":{"allow":["GET"]}}],"collection":[{"href":"http:\/\/www.chapelle-crecy.com\/index.php?rest_route=\/wp\/v2\/posts"}],"about":[{"href":"http:\/\/www.chapelle-crecy.com\/index.php?rest_route=\/wp\/v2\/types\/post"}],"author":[{"embeddable":true,"href":"http:\/\/www.chapelle-crecy.com\/index.php?rest_route=\/wp\/v2\/users\/2"}],"replies":[{"embeddable":true,"href":"http:\/\/www.chapelle-crecy.com\/index.php?rest_route=%2Fwp%2Fv2%2Fcomments&post=169"}],"version-history":[{"count":0,"href":"http:\/\/www.chapelle-crecy.com\/index.php?rest_route=\/wp\/v2\/posts\/169\/revisions"}],"wp:attachment":[{"href":"http:\/\/www.chapelle-crecy.com\/index.php?rest_route=%2Fwp%2Fv2%2Fmedia&parent=169"}],"wp:term":[{"taxonomy":"category","embeddable":true,"href":"http:\/\/www.chapelle-crecy.com\/index.php?rest_route=%2Fwp%2Fv2%2Fcategories&post=169"},{"taxonomy":"post_tag","embeddable":true,"href":"http:\/\/www.chapelle-crecy.com\/index.php?rest_route=%2Fwp%2Fv2%2Ftags&post=169"}],"curies":[{"name":"wp","href":"https:\/\/api.w.org\/{rel}","templated":true}]}}