{"id":170,"date":"2009-10-25T20:56:36","date_gmt":"2009-10-25T20:56:36","guid":{"rendered":""},"modified":"-0001-11-30T00:00:00","modified_gmt":"-0001-11-29T22:00:00","slug":"","status":"publish","type":"post","link":"http:\/\/www.chapelle-crecy.com\/?p=170","title":{"rendered":"Annonces de la semaine du 26 octobre au 1er novembre 2009"},"content":{"rendered":"<table bgcolor =\"F0FAFF\" border=0>\n<tbody>\n<tr>\n<td>\n<div align=\"justify\">\n<div \"87\">Voici les annonces de la semaine du lundi 26 octobre au dimanche 1er novembre pour la paroisse des 3 clochers Cr\u00e9cy-la-Chapelle, Villiers-sur-Morin, Voulangis.<\/div>\n<\/div>\n<\/td>\n<\/tr>\n<\/tbody>\n<\/table>\n<p>Lundi 26 octobre : 9 h   Messe \u00e0 Cr\u00e9cy pour<br \/>\nRobert et Raymonde GUILLAUMY et nous rendrons gr\u00e2ce au Seigneur pour le P\u00e8re Aim\u00e9<br \/>\nqui c\u00e9l\u00e8bre aujourd&rsquo;hui ses 7 ans de Sacerdoce<\/p>\n<p>Mercredi 28 octobre : 9 h &#8211; Messe \u00e0 Cr\u00e9cy pour<br \/>\nAlain VASSEUR<\/p>\n<p>Jeudi 29 octobre : 18 h &#8211;   Messe \u00e0 Cr\u00e9cy pour<br \/>\nRen\u00e9 et Lucienne CHARPIGNON<\/p>\n<p>Vendredi 30 octobre : 9 h   Messe \u00e0 Cr\u00e9cy pour<br \/>\nAndr\u00e9 HUYS<\/p>\n<p>Samedi 31 octobre : 18 h 30 &#8211;  Messe \u00e0 Voulangis pour<br \/>\ntous les d\u00e9funts de nos villages<\/p>\n<p>Dimanche 1er novembre : A Cr\u00e9cy,  \u00e0 10h30<br \/>\nSolennit\u00e9 de tous les Saints<br \/>\nNous prierons particuli\u00e8rement pour tous nos d\u00e9funts de cette ann\u00e9e.<\/p>\n<p>Bonnes f\u00eates de la Toussaint \u00e0 chacun de vous<\/p>\n","protected":false},"excerpt":{"rendered":"<p>Voici les annonces de la semaine du lundi 26 octobre au dimanche 1er novembre pour la paroisse des 3 clochers Cr\u00e9cy-la-Chapelle, Villiers-sur-Morin, Voulangis. Lundi 26 octobre : 9 h Messe \u00e0 Cr\u00e9cy pour Robert&#46;&#46;&#46;<\/p>\n","protected":false},"author":2,"featured_media":0,"comment_status":"open","ping_status":"open","sticky":false,"template":"","format":"standard","meta":{"footnotes":""},"categories":[],"tags":[],"class_list":["post-170","post","type-post","status-publish","format-standard","hentry"],"_links":{"self":[{"href":"http:\/\/www.chapelle-crecy.com\/index.php?rest_route=\/wp\/v2\/posts\/170","targetHints":{"allow":["GET"]}}],"collection":[{"href":"http:\/\/www.chapelle-crecy.com\/index.php?rest_route=\/wp\/v2\/posts"}],"about":[{"href":"http:\/\/www.chapelle-crecy.com\/index.php?rest_route=\/wp\/v2\/types\/post"}],"author":[{"embeddable":true,"href":"http:\/\/www.chapelle-crecy.com\/index.php?rest_route=\/wp\/v2\/users\/2"}],"replies":[{"embeddable":true,"href":"http:\/\/www.chapelle-crecy.com\/index.php?rest_route=%2Fwp%2Fv2%2Fcomments&post=170"}],"version-history":[{"count":0,"href":"http:\/\/www.chapelle-crecy.com\/index.php?rest_route=\/wp\/v2\/posts\/170\/revisions"}],"wp:attachment":[{"href":"http:\/\/www.chapelle-crecy.com\/index.php?rest_route=%2Fwp%2Fv2%2Fmedia&parent=170"}],"wp:term":[{"taxonomy":"category","embeddable":true,"href":"http:\/\/www.chapelle-crecy.com\/index.php?rest_route=%2Fwp%2Fv2%2Fcategories&post=170"},{"taxonomy":"post_tag","embeddable":true,"href":"http:\/\/www.chapelle-crecy.com\/index.php?rest_route=%2Fwp%2Fv2%2Ftags&post=170"}],"curies":[{"name":"wp","href":"https:\/\/api.w.org\/{rel}","templated":true}]}}