{"id":171,"date":"2009-10-25T01:47:39","date_gmt":"2009-10-25T01:47:39","guid":{"rendered":""},"modified":"-0001-11-30T00:00:00","modified_gmt":"-0001-11-29T22:00:00","slug":"","status":"publish","type":"post","link":"http:\/\/www.chapelle-crecy.com\/?p=171","title":{"rendered":"R\u00e9union ouverte de LCE 77"},"content":{"rendered":"<table bgcolor =\"F0FAFF\" border=0>\n<tbody>\n<tr>\n<td>\n<div align=\"justify\">\n<div \"88\">Chers p\u00e8lerins de Lourdes-Cancer-Esp\u00e9rance,  vous \u00eates tous invit\u00e9s \u00e0\u00a0 une r\u00e9union ouverte.<br \/>\nP\u00e8lerins, conjoints et sympathisants de LCE.77, venez participer \u00e0\u00a0 une r\u00e9union fraternelle \u00e0\u00a0 Fontainebleau ou \u00e0\u00a0 Cr\u00e9cy, \u00e0\u00a0 votre convenance. <\/div>\n<\/div>\n<\/td>\n<\/tr>\n<\/tbody>\n<\/table>\n<table bgcolor =\"F0FAFF\" border=0>\n<tbody>\n<tr>\n<td>\n<div align=\"justify\">Le Lundi  9  novembre  2009  &#8211; 14 h.30<br \/>\n\u00e0 Fontainebleau \u00e0 la salle paroissiale B.<br \/>\n2 rue de la Paroisse &#8211; parking place du march\u00e9                                                <\/p>\n<p>Le Lundi  16 novembre 2009  &#8211; 14h.30<br \/>\n\u00e0 Cr\u00e9cy-la Chapelle \u00e0 la salle paroissiale<br \/>\n1 Place de  l&rsquo;\u00e9glise &#8211; Parking  paroisse <\/p>\n<p>Voici le programme de l&rsquo;apr\u00e8s-midi:<br \/>\n 14h 15 &#8211;  14h 30  &#8211;  Accueil<br \/>\n&#8211; Compte rendu du p\u00e8lerinage &#8211; LCE.77 \u00e0 Lourdes<br \/>\n                    \u00ab Le Chemin de Bernadette \u00bb<br \/>\n&#8211; Temps de t\u00e9moignages et de partage<br \/>\n                    &#8211;  Photos souvenir<br \/>\n                    &#8211;  Nos intentions de pri\u00e8res<br \/>\n                    &#8211;  Nos projets de rencontre pour 2010<br \/>\n                    &#8211;  Questions diverses et verre de l&rsquo;amiti\u00e9<\/p>\n<p>Nous serons heureux de vous accueillir et de tous se retrouver <\/p>\n<p>Contacts LCE 77:<\/p>\n<p>Ren\u00e9e Gorret \u00e0 Cr\u00e9cy  tel : 01 64 63 99 30  <\/p>\n<p>Rose Blanche Merle \u00e0 Fontainebleau  &#8211; tel : 01 64 22 80 28 <\/p>\n<p>                                 \u00abMessage  d&rsquo;apr\u00e8s p\u00e8lerinage\u00bb     <\/p>\n<p>Le p\u00e8lerinage 2009 \u00e0 Lourdes de LCE a \u00e9t\u00e9 encore \u00ab le plus beau !\u00bb<br \/>\nSous un grand soleil d&rsquo;automne,  nous avons v\u00e9cu intens\u00e9ment ces<br \/>\n4 jours, \u00e0 la rencontre de Marie sur \u00abLe chemin de Bernadette\u00e2\u20ac\u00a6\u00bb<br \/>\nNous \u00e9tions tr\u00e8s nombreux, 5200 p\u00e8lerins dont une trentaine du 77.<br \/>\nNous sommes arriv\u00e9s \u00e0 Lourdes, peut-\u00eatre inquiets, h\u00e9sitants, ou au contraire, d\u00e9sireux de donner un peu de nous-m\u00eames, de notre joie, de notre esp\u00e9rance, et ensemble nous avons tout partag\u00e9. Une r\u00e9elle amiti\u00e9 a pu na \u00eetre entre nous.<\/p>\n<p>L&rsquo;accueil &#8211; un geste, un sourire, une \u00e9coute, un \u00e9change, soit lors du voyage en train, ou \u00e0 Lourdes au cours d&rsquo;un repas, une communion fraternelle durant les c\u00e9l\u00e9brations, la pri\u00e8re et la foi partag\u00e9e nous ont aid\u00e9s \u00e0 continuer notre route et \u00e0 repartir dans l&rsquo; Esp\u00e9rance !<\/p>\n<p>Devant la maladie &#8211; garder en soi sa peine, sa souffrance : ce repli est d&rsquo;un grand poids, mais l&rsquo;ouverture aux autres, dans le partage, et l&rsquo;amiti\u00e9 : tout devient alors plus simple, et nous pouvons, unifi\u00e9s et pacifi\u00e9s, nous reconstruire. Avec LCE ensemble on est plus fort !<\/p>\n<p>Th\u00e8me du p\u00e8lerinage  2010 : \u00ab Le Chemin de Bernadette \u00bb<\/p>\n<p>Pour mettre dans tes pas\u00e2\u20ac\u00a6 nos pas trop h\u00e9sitants, pour que nous avancions, nous sachant limit\u00e9s, avec des petits pas, des chutes, des rel\u00e8ves\u00e2\u20ac\u00a6 pour r\u00e9chauffer ceux qui souffrent en silence, qui attendent une parole, un sourire, un soutien\u00e2\u20ac\u00a6 pour aller vers Dieu, notre P\u00e8re !<br \/>\nqui nous attend et nous aime\u00e2\u20ac\u00a6 s&rsquo;il te plait Bernadette, pr\u00eate nous tes sabots. \u00bb<\/p>\n<p>Dans l&rsquo;Eucharistie, nous reprenons des forces, nous trouvons la lumi\u00e8re, nous sommes tous ensemble :<\/p>\n<p>\u00ab Comme un champ de tournesols, et maintenant nous pouvons porter la lumi\u00e8re aux autres. Nous sommes chacun, comme Bernadette, une petite \u00e9toile, mais nous devenons un grand ciel \u00e9toil\u00e9.<\/p>\n<p>Le miracle de Lourdes est un miracle des coeurs qui se transforment \u00bb,<br \/>\nnous dit Mgr Jean Claude  Boulanger.\n<\/p><\/div>\n<div align=\"center\"><img decoding=\"async\" src=\"\/IMG\/arton88.jpg\" width=400><\/div>\n<\/td>\n<\/tr>\n<\/tbody>\n<\/table>\n","protected":false},"excerpt":{"rendered":"<p>Chers p\u00e8lerins de Lourdes-Cancer-Esp\u00e9rance, vous \u00eates tous invit\u00e9s \u00e0\u00a0 une r\u00e9union ouverte. P\u00e8lerins, conjoints et sympathisants de LCE.77, venez participer \u00e0\u00a0 une r\u00e9union fraternelle \u00e0\u00a0 Fontainebleau ou \u00e0\u00a0 Cr\u00e9cy, \u00e0\u00a0 votre convenance. Le Lundi&#46;&#46;&#46;<\/p>\n","protected":false},"author":2,"featured_media":0,"comment_status":"open","ping_status":"open","sticky":false,"template":"","format":"standard","meta":{"footnotes":""},"categories":[],"tags":[],"class_list":["post-171","post","type-post","status-publish","format-standard","hentry"],"_links":{"self":[{"href":"http:\/\/www.chapelle-crecy.com\/index.php?rest_route=\/wp\/v2\/posts\/171","targetHints":{"allow":["GET"]}}],"collection":[{"href":"http:\/\/www.chapelle-crecy.com\/index.php?rest_route=\/wp\/v2\/posts"}],"about":[{"href":"http:\/\/www.chapelle-crecy.com\/index.php?rest_route=\/wp\/v2\/types\/post"}],"author":[{"embeddable":true,"href":"http:\/\/www.chapelle-crecy.com\/index.php?rest_route=\/wp\/v2\/users\/2"}],"replies":[{"embeddable":true,"href":"http:\/\/www.chapelle-crecy.com\/index.php?rest_route=%2Fwp%2Fv2%2Fcomments&post=171"}],"version-history":[{"count":0,"href":"http:\/\/www.chapelle-crecy.com\/index.php?rest_route=\/wp\/v2\/posts\/171\/revisions"}],"wp:attachment":[{"href":"http:\/\/www.chapelle-crecy.com\/index.php?rest_route=%2Fwp%2Fv2%2Fmedia&parent=171"}],"wp:term":[{"taxonomy":"category","embeddable":true,"href":"http:\/\/www.chapelle-crecy.com\/index.php?rest_route=%2Fwp%2Fv2%2Fcategories&post=171"},{"taxonomy":"post_tag","embeddable":true,"href":"http:\/\/www.chapelle-crecy.com\/index.php?rest_route=%2Fwp%2Fv2%2Ftags&post=171"}],"curies":[{"name":"wp","href":"https:\/\/api.w.org\/{rel}","templated":true}]}}