{"id":172,"date":"2009-10-30T13:07:50","date_gmt":"2009-10-30T13:07:50","guid":{"rendered":""},"modified":"-0001-11-30T00:00:00","modified_gmt":"-0001-11-29T22:00:00","slug":"","status":"publish","type":"post","link":"http:\/\/www.chapelle-crecy.com\/?p=172","title":{"rendered":"Obs\u00e8ques et accompagnement des familles en deuil"},"content":{"rendered":"<table bgcolor =\"F0FAFF\" border=0>\n<tbody>\n<tr>\n<td>\n<div align=\"justify\">La famille du d\u00e9funt s&rsquo;adresse directement aux pompes fun\u00e8bres qui contactent ensuite l&rsquo;\u00e9quipe obs\u00e8ques de la paroisse pour fixer la date et l&rsquo;heure des fun\u00e9railles.<br \/>\nUne \u00e9quipe de paroissiens form\u00e9e et mandat\u00e9e par Monseigneur Jean-Yves Nahmias, l&rsquo;Ev\u00eaque de Meaux, pour la Pastorale des Fun\u00e9railles accueille alors la famille en deuil et pr\u00e9pare avec elle la c\u00e9l\u00e9bration des obs\u00e8ques.<br \/>\nL&rsquo;\u00e9quipe de Pastorale des Fun\u00e9railles est \u00e0\u00a0 votre \u00e9coute : <br \/>\n&#8211; Marie-Madeleine TRAVET<span style=\"color: rgb(212, 0, 0);\"> 06 21 80 94 44<\/span> <span style=\"color: blue;\">marie-madeleine.travet@orange.fr<\/span><br \/>\n&#8211; Alain LEGEAY <span style=\"color: rgb(212, 0, 0);\">06 12 22 57 20 <\/span> <span style=\"color: blue;\">legeayalain@orange.fr<\/span><br \/>\n&#8211; H\u00e9l\u00e8ne MOGUEZ<\/p>\n<p>La diminution du nombre de pr\u00eatres dans nos dioc\u00e8ses provoque des changements. Les la\u00efcs sont depuis investis dans la mission de \u00ab l&rsquo;accompagnement des familles en deuil. \u00bb\n<\/p><\/div>\n<\/td>\n<\/tr>\n<\/tbody>\n<\/table>\n<table bgcolor =\"F0FAFF\" border=0>\n<tbody>\n<tr>\n<td>\nHistorique de ce changement dans notre paroisse  <\/p>\n<div align=\"justify\">En septembre. 2003, le P\u00e8re Michel Duhamel, 75 ans, cur\u00e9 des \u00ab3 clochers -Cr\u00e9cyVilliersVoulangis\u00bb<br \/>\nprend sa retraite &#8211; Son successeur sera  un pr\u00eatre mod\u00e9rateur qui partagera sa charge pastorale avec une E.A.P. \u00ab Equipe d&rsquo;Animation Pastorale \u00bb compos\u00e9e de la\u00efcs,  c&rsquo;est la formule pr\u00e9vue par l&rsquo;Eglise quand un dioc\u00e8se manque de pr\u00eatres, comme c&rsquo;est le cas pour la Seine-et-marne. Le pr\u00eatre mod\u00e9rateur, non r\u00e9sident \u00e0 la paroisse, sera alors pour une ann\u00e9e, le p\u00e8re Raymond Gu\u00e9rin, cur\u00e9 de Villeneuve-le-Comte, qui accepta cette nouvelle charge.<br \/>\nD\u00e8s son arriv\u00e9e avec l&rsquo;appui de l&rsquo;E.A.P. il lance  un appel aupr\u00e8s des paroissiens pour la constitution d&rsquo;une \u00e9quipe de la\u00efcs pour \u00ab l&rsquo;accompagnement au deuil \u00bb charg\u00e9e lors d&rsquo;un d\u00e9c\u00e8s, de rencontrer la famille et de pr\u00e9parer avec elle la c\u00e9l\u00e9bration des obs\u00e8ques religieuses &#8211; avec &#8211; ou sans pr\u00eatre.<\/div>\n<p>Naissance d&rsquo;une \u00ab Equipe d&rsquo;accompagnement au deuil \u00bb<\/p>\n<div align=\"justify\">En 2004, Quelques personnes ont accept\u00e9 de se mettre en route avec le p\u00e8re Gu\u00e9rin, le c\u00e9l\u00e9brant habituel, ils vont rencontrer les familles lors d&rsquo;un deuil et participer aux c\u00e9l\u00e9brations de l&rsquo;A. Dieu.<br \/>\nRen\u00e9e Gorret et Pierre Thion seront les premiers \u00e0 accepter ce service d&rsquo;Eglise, d&rsquo;autres paroissiens se joignent \u00e0 eux, Janine Leveel, Claude Joulaud, Jean Rosier, Lucien Gorret,  Madeleine Morel, Marie Madeleine Travet, et d&rsquo;autres qui aident ponctuellement.<br \/>\nUne session de formation pour les c\u00e9l\u00e9brations, organis\u00e9e dans le secteur par le P\u00e8re Wiertz, permettra \u00e0 cette \u00e9quipe, (apr\u00e8s le d\u00e9part du p\u00e8re Gu\u00e9rin en septembre 2004,) d&rsquo;\u00eatre pr\u00eate \u00e0 assumer cette mission et elle re\u00e7oit alors une d\u00e9l\u00e9gation de Mgr de Monl\u00e9on, \u00e9v\u00eaque du  dioc\u00e8se. <\/div>\n<p>La c\u00e9l\u00e9bration des obs\u00e8ques par des la\u00efcs : <\/p>\n<div align=\"justify\">N.B. Les pr\u00eatres sont peu nombreux et ils ont la responsabilit\u00e9 d&rsquo;un grand secteur ; les la\u00efcs retrait\u00e9s, connaissent souvent mieux les familles, ils peuvent lors d&rsquo;un deuil, leur consacrer plus de temps et \u00eatre bien \u00e0 leur \u00e9coute, ce qui est positif. En l&rsquo;absence de pr\u00eatre, \u00ab l&rsquo;\u00e9quipe d&rsquo;accompagnement \u00bb est habilit\u00e9e pour faire la c\u00e9r\u00e9monie de l&rsquo;A. Dieu \u00e0 l&rsquo;\u00e9glise. &#8211; La c\u00e9l\u00e9bration des obs\u00e8ques n&rsquo;\u00e9tant pas un sacrement.<br \/>\nIl faut aussi pr\u00e9ciser que la pr\u00e9sence du pr\u00eatre est oblig\u00e9e, quand la c\u00e9l\u00e9bration comporte une eucharistie, c&rsquo;est alors &#8211; une messe &#8211; qu&rsquo;il pr\u00e9side, et que lui seul peut c\u00e9l\u00e9brer. <\/div>\n<p>Le d\u00e9roulement de c\u00e9l\u00e9bration de l&rsquo;A. Dieu  <\/p>\n<div align=\"justify\">Au pr\u00e9alable, une rencontre a lieu avec des membres de la famille pour \u00ab pr\u00e9parer leur c\u00e9l\u00e9bration ! \u00bb-<br \/>\nC&rsquo;est elle, qui a le choix des lectures et des chants qui correspondent le mieux \u00e0 la personnalit\u00e9 de leur d\u00e9funt.<br \/>\nLa c\u00e9l\u00e9bration comporte : un accueil par le c\u00e9l\u00e9brant, et un r\u00e9sum\u00e9 de la vie de celui qui nous quitte\u00e2\u20ac\u00a6<br \/>\net avec lequel, nous restons en communion, par le souvenir et la pri\u00e8re.<br \/>\nLe rite de la lumi\u00e8re &#8211; : La lumi\u00e8re du Christ ressuscit\u00e9 transmise &#8211; des chants religieux de foi &#8211; Des pri\u00e8res,<br \/>\npour le d\u00e9funt que l&rsquo;on confie \u00e0 Dieu, pour sa vie nouvelle.<br \/>\nLe rite de la parole de Dieu : des lectures tir\u00e9es de la Bible, choisies par la famille &#8211; Une explication des textes par le c\u00e9l\u00e9brant ax\u00e9s sur l&rsquo;Esp\u00e9rance &#8211; La pri\u00e8re universelle, o\u00f9 l&rsquo;on prie pour le d\u00e9funt, pour sa famille, et pour d&rsquo;autres intentions de la vie en soci\u00e9t\u00e9, dont celle des chr\u00e9tiens  <\/div>\n<p>Le dernier A. Dieu : Le d\u00e9funt est confi\u00e9 \u00e0 Dieu le p\u00e8re par J\u00e9sus Christ son fils ressuscit\u00e9. <\/p>\n<div align=\"justify\">Les rites, de l&rsquo;eau  rappelant le bapt\u00eame  Celui de l&rsquo;encens pour honorer son corps, \u00ab temple de l&rsquo;Esprit \u00bb &#8211; Un temps de pri\u00e8res : Le Notre P\u00e8re &#8211; et un chant \u00e0 Marie, la Sainte Vierge &#8211;<br \/>\nLa c\u00e9l\u00e9bration se termine par la b\u00e9n\u00e9diction du corps et un geste d&rsquo;Adieu au d\u00e9funt par chacune des personnes pr\u00e9sentes<br \/>\n<br \/>\nN.B. Une invitation est faite \u00e0 tous, pour venir \u00e0 la messe du dimanche : dite \u00e0 l&rsquo;intention du d\u00e9funt &#8211; un temps fort : La communaut\u00e9 se rassemble le jour du Seigneur, pour recevoir une force pour continuer la route dans l&rsquo;esp\u00e9rance : l&rsquo;Eucharistie : recevoir Le corps du Christ ressuscit\u00e9 !<br \/>\nAu cimeti\u00e8re, avant l&rsquo;inhumation, une pri\u00e8re est dite par un paroissien : un symbole et un message de foi. :<br \/>\nEx. \u00ab Le corps du d\u00e9funt est mis en terre comme une semence, pour une vie nouvelle ! \u00ab Ce que tu as sem\u00e9 en d&rsquo;autres germera, celui qui perd sa vie, un jour la trouvera \u00bb <\/div>\n<p><\/p>\n<div align=\"center\"><img decoding=\"async\" src=\"\/IMG\/lieux\/Tombes.jpg\"><br \/>\nPhoto Le Clich\u00e9 Cr\u00e9\u00e7ois\n<\/div>\n<\/td>\n<\/tr>\n<\/tbody>\n<\/table>\n","protected":false},"excerpt":{"rendered":"<p>La famille du d\u00e9funt s&rsquo;adresse directement aux pompes fun\u00e8bres qui contactent ensuite l&rsquo;\u00e9quipe obs\u00e8ques de la paroisse pour fixer la date et l&rsquo;heure des fun\u00e9railles. Une \u00e9quipe de paroissiens form\u00e9e et mandat\u00e9e par Monseigneur&#46;&#46;&#46;<\/p>\n","protected":false},"author":2,"featured_media":0,"comment_status":"open","ping_status":"open","sticky":false,"template":"","format":"standard","meta":{"footnotes":""},"categories":[],"tags":[],"class_list":["post-172","post","type-post","status-publish","format-standard","hentry"],"_links":{"self":[{"href":"http:\/\/www.chapelle-crecy.com\/index.php?rest_route=\/wp\/v2\/posts\/172","targetHints":{"allow":["GET"]}}],"collection":[{"href":"http:\/\/www.chapelle-crecy.com\/index.php?rest_route=\/wp\/v2\/posts"}],"about":[{"href":"http:\/\/www.chapelle-crecy.com\/index.php?rest_route=\/wp\/v2\/types\/post"}],"author":[{"embeddable":true,"href":"http:\/\/www.chapelle-crecy.com\/index.php?rest_route=\/wp\/v2\/users\/2"}],"replies":[{"embeddable":true,"href":"http:\/\/www.chapelle-crecy.com\/index.php?rest_route=%2Fwp%2Fv2%2Fcomments&post=172"}],"version-history":[{"count":0,"href":"http:\/\/www.chapelle-crecy.com\/index.php?rest_route=\/wp\/v2\/posts\/172\/revisions"}],"wp:attachment":[{"href":"http:\/\/www.chapelle-crecy.com\/index.php?rest_route=%2Fwp%2Fv2%2Fmedia&parent=172"}],"wp:term":[{"taxonomy":"category","embeddable":true,"href":"http:\/\/www.chapelle-crecy.com\/index.php?rest_route=%2Fwp%2Fv2%2Fcategories&post=172"},{"taxonomy":"post_tag","embeddable":true,"href":"http:\/\/www.chapelle-crecy.com\/index.php?rest_route=%2Fwp%2Fv2%2Ftags&post=172"}],"curies":[{"name":"wp","href":"https:\/\/api.w.org\/{rel}","templated":true}]}}