{"id":173,"date":"2009-11-02T10:32:57","date_gmt":"2009-11-02T10:32:57","guid":{"rendered":""},"modified":"-0001-11-30T00:00:00","modified_gmt":"-0001-11-29T22:00:00","slug":"","status":"publish","type":"post","link":"http:\/\/www.chapelle-crecy.com\/?p=173","title":{"rendered":"Annonces de la semaine du 2 au 8 novembre 2009"},"content":{"rendered":"<table bgcolor =\"F0FAFF\" border=0>\n<tbody>\n<tr>\n<td>\n<div align=\"justify\">\n<div \"90\">Voici les annonces de la semaine du lundi 2 au dimanche 8 novembre pour la paroisse des 3 clochers Cr\u00e9cy-la-Chapelle, Villiers-sur-Morin, Voulangis.<\/div>\n<\/div>\n<\/td>\n<\/tr>\n<\/tbody>\n<\/table>\n<table bgcolor =\"F0FAFF\" border=1>\n<tbody>\n<tr>\n<td width=150><font color=\"0020FF\">Lundi 2 novembre<\/font><\/td>\n<td><font color=\"0020FF\">18 h &#8211; A Cr\u00e9cy, Messe pour les d\u00e9funts de nos villages, avec une intention particuli\u00e8re pour Edmond LECLERCQ.<\/font><\/td>\n<\/tr>\n<tr>\n<td><font color=\"0020FF\">Jeudi 5 novembre<\/font><\/td>\n<td><font color=\"0020FF\">18 h &#8211; A Cr\u00e9cy , Messe anniversaire pour Alain POULAIN.<\/font><\/td>\n<\/tr>\n<tr>\n<td><font color=\"0020FF\">Vendredi 6 novembre<\/font><\/td>\n<td><font color=\"0020FF\">18 h &#8211;  &#8211; Messe \u00e0 Cr\u00e9cy pour H\u00e9l\u00e8ne DUBESSET.<\/font><\/td>\n<\/tr>\n<tr>\n<td><font color=\"0020FF\">Samedi 7 novembre<\/font><\/td>\n<td><font color=\"0020FF\">10 h \u00e0 11 h 30 &#8211;  r\u00e9union \u00e0 la salle paroissiale l&rsquo;\u00e9quipe MEJ des Jeunes T\u00e9moins.<br \/>\n18 h 30 &#8211; messe \u00e0 Villiers pour Lucie RICHOILLEY et Catherine VINCENZINI.<\/font><\/td>\n<\/tr>\n<tr>\n<td><font color=\"0020FF\">Dimanche 8 novembre<\/font><\/td>\n<td><font color=\"0020FF\">9 h 30 &#8211; A Cr\u00e9cy : <font color=\"FF0000\">R\u00e9p\u00e9tition pour tous les paroissiens qui souhaitent apprendre avec nous des chants nouveaux pour nos c\u00e9l\u00e9brations.<\/fonT><bR><br \/>\n10 h 30  Messe \u00e0 Cr\u00e9cy pour Maurice GERMAIN.<\/font><\/td>\n<\/tr>\n<\/tbody>\n<\/table>\n","protected":false},"excerpt":{"rendered":"<p>Voici les annonces de la semaine du lundi 2 au dimanche 8 novembre pour la paroisse des 3 clochers Cr\u00e9cy-la-Chapelle, Villiers-sur-Morin, Voulangis. Lundi 2 novembre 18 h &#8211; A Cr\u00e9cy, Messe pour les d\u00e9funts&#46;&#46;&#46;<\/p>\n","protected":false},"author":2,"featured_media":0,"comment_status":"open","ping_status":"open","sticky":false,"template":"","format":"standard","meta":{"footnotes":""},"categories":[],"tags":[],"class_list":["post-173","post","type-post","status-publish","format-standard","hentry"],"_links":{"self":[{"href":"http:\/\/www.chapelle-crecy.com\/index.php?rest_route=\/wp\/v2\/posts\/173","targetHints":{"allow":["GET"]}}],"collection":[{"href":"http:\/\/www.chapelle-crecy.com\/index.php?rest_route=\/wp\/v2\/posts"}],"about":[{"href":"http:\/\/www.chapelle-crecy.com\/index.php?rest_route=\/wp\/v2\/types\/post"}],"author":[{"embeddable":true,"href":"http:\/\/www.chapelle-crecy.com\/index.php?rest_route=\/wp\/v2\/users\/2"}],"replies":[{"embeddable":true,"href":"http:\/\/www.chapelle-crecy.com\/index.php?rest_route=%2Fwp%2Fv2%2Fcomments&post=173"}],"version-history":[{"count":0,"href":"http:\/\/www.chapelle-crecy.com\/index.php?rest_route=\/wp\/v2\/posts\/173\/revisions"}],"wp:attachment":[{"href":"http:\/\/www.chapelle-crecy.com\/index.php?rest_route=%2Fwp%2Fv2%2Fmedia&parent=173"}],"wp:term":[{"taxonomy":"category","embeddable":true,"href":"http:\/\/www.chapelle-crecy.com\/index.php?rest_route=%2Fwp%2Fv2%2Fcategories&post=173"},{"taxonomy":"post_tag","embeddable":true,"href":"http:\/\/www.chapelle-crecy.com\/index.php?rest_route=%2Fwp%2Fv2%2Ftags&post=173"}],"curies":[{"name":"wp","href":"https:\/\/api.w.org\/{rel}","templated":true}]}}