{"id":1749,"date":"2024-10-05T16:16:23","date_gmt":"2024-10-05T14:16:23","guid":{"rendered":"https:\/\/www.chapelle-crecy.com\/?p=1749"},"modified":"2024-10-05T18:17:49","modified_gmt":"2024-10-05T16:17:49","slug":"annonces-du-5-au-13-octobre","status":"publish","type":"post","link":"http:\/\/www.chapelle-crecy.com\/?p=1749","title":{"rendered":"Annonces du 5 au 13 octobre"},"content":{"rendered":"<table>\n<tbody>\n<tr>\n<td style=\"text-align: left;\"><strong><u>Samedi 5 octobre<\/u> :<\/strong><\/td>\n<td style=\"text-align: left;\"><strong><u>9h :<\/u> Messe \u00e0 La Chapelle de la Vierge \u00e0 St Georges.<br \/>\n<u>18h30 :<\/u> Messe \u00e0 Villiers.<\/strong><\/td>\n<\/tr>\n<tr>\n<td style=\"text-align: left;\"><strong><u>Dimanche 6 octobre<\/u> :<\/strong><\/td>\n<td style=\"text-align: left;\"><strong><u>10h :<\/u> B\u00e9n\u00e9diction des animaux par Monseigneur Guillaume de Lisle sur l\u2019esplanade de La Coll\u00e9giale.<br \/>\n<u>10h30 :<\/u> Messe \u00e0 La Coll\u00e9giale pr\u00e9sid\u00e9e par Monseigneur Guillaume de Lisle.<br \/>\nBapt\u00eame d\u2019Alba JAMBOU MAILLARD.<br \/>\nMesse pour Raymonde PAGNY et Lucien POUPELARD ainsi que pour Jean LEROUX et Gilbert LANGEVIN inhum\u00e9s cette semaine.<\/strong><\/td>\n<\/tr>\n<tr>\n<td style=\"text-align: left;\"><strong><u>Mardi 8 octobre\u00a0:<\/u><\/strong><\/td>\n<td style=\"text-align: left;\"><strong><u>9h :<\/u> Messe \u00e0 Cr\u00e9cy.<br \/>\n<u>18h30 :<\/u> Chorale \u00e0 St Georges.<\/strong><\/td>\n<\/tr>\n<tr>\n<td style=\"text-align: left;\"><strong><u>Jeudi 10 octobre\u00a0:<\/u><\/strong><\/td>\n<td style=\"text-align: left;\"><strong><u>9h :<\/u> Messe \u00e0 Cr\u00e9cy<\/strong><\/td>\n<\/tr>\n<tr>\n<td style=\"text-align: left;\"><strong><u>Vendredi 11 octobre<\/u> :<\/strong><\/td>\n<td style=\"text-align: left;\"><strong><u>18h :<\/u> Messe \u00e0 Cr\u00e9cy, suivie de l&rsquo;adoration du St Sacrement<\/strong>.<\/td>\n<\/tr>\n<tr>\n<td style=\"text-align: left;\"><strong><u>Samedi 12 octobre<\/u> :<\/strong><\/td>\n<td style=\"text-align: left;\"><strong><u>18h30 :<\/u> Messe \u00e0 Voulangis pour Mme Maryvonne MATHONNET, Georges et Anne-Marie PAQUET.<\/strong><\/td>\n<\/tr>\n<tr>\n<td style=\"text-align: left;\"><strong><u>Dimanche 13 octobre<\/u> :<\/strong><\/td>\n<td style=\"text-align: left;\"><strong><br \/>\n<u>10h30 :<\/u> Messe \u00e0 l\u2019\u00e9glise St Georges CRECY.<br \/>\nUn repas partag\u00e9 vous est propos\u00e9 aux salles paroissiales.<\/strong><\/td>\n<\/tr>\n<\/tbody>\n<\/table>\n","protected":false},"excerpt":{"rendered":"<p>Samedi 5 octobre : 9h : Messe \u00e0 La Chapelle de la Vierge \u00e0 St Georges. 18h30 : Messe \u00e0 Villiers. Dimanche 6 octobre : 10h : B\u00e9n\u00e9diction des animaux par Monseigneur Guillaume de&#46;&#46;&#46;<\/p>\n","protected":false},"author":1,"featured_media":0,"comment_status":"open","ping_status":"open","sticky":false,"template":"","format":"standard","meta":{"footnotes":""},"categories":[2],"tags":[],"class_list":["post-1749","post","type-post","status-publish","format-standard","hentry","category-annonces"],"_links":{"self":[{"href":"http:\/\/www.chapelle-crecy.com\/index.php?rest_route=\/wp\/v2\/posts\/1749","targetHints":{"allow":["GET"]}}],"collection":[{"href":"http:\/\/www.chapelle-crecy.com\/index.php?rest_route=\/wp\/v2\/posts"}],"about":[{"href":"http:\/\/www.chapelle-crecy.com\/index.php?rest_route=\/wp\/v2\/types\/post"}],"author":[{"embeddable":true,"href":"http:\/\/www.chapelle-crecy.com\/index.php?rest_route=\/wp\/v2\/users\/1"}],"replies":[{"embeddable":true,"href":"http:\/\/www.chapelle-crecy.com\/index.php?rest_route=%2Fwp%2Fv2%2Fcomments&post=1749"}],"version-history":[{"count":2,"href":"http:\/\/www.chapelle-crecy.com\/index.php?rest_route=\/wp\/v2\/posts\/1749\/revisions"}],"predecessor-version":[{"id":1752,"href":"http:\/\/www.chapelle-crecy.com\/index.php?rest_route=\/wp\/v2\/posts\/1749\/revisions\/1752"}],"wp:attachment":[{"href":"http:\/\/www.chapelle-crecy.com\/index.php?rest_route=%2Fwp%2Fv2%2Fmedia&parent=1749"}],"wp:term":[{"taxonomy":"category","embeddable":true,"href":"http:\/\/www.chapelle-crecy.com\/index.php?rest_route=%2Fwp%2Fv2%2Fcategories&post=1749"},{"taxonomy":"post_tag","embeddable":true,"href":"http:\/\/www.chapelle-crecy.com\/index.php?rest_route=%2Fwp%2Fv2%2Ftags&post=1749"}],"curies":[{"name":"wp","href":"https:\/\/api.w.org\/{rel}","templated":true}]}}