{"id":175,"date":"2009-11-08T10:00:00","date_gmt":"2009-11-08T10:00:00","guid":{"rendered":""},"modified":"-0001-11-30T00:00:00","modified_gmt":"-0001-11-29T22:00:00","slug":"","status":"publish","type":"post","link":"http:\/\/www.chapelle-crecy.com\/?p=175","title":{"rendered":"Annonces de la semaine du 9 au 15 novembre 2009"},"content":{"rendered":"<table bgcolor =\"F0FAFF\" border=0>\n<tbody>\n<tr>\n<td>\n<div align=\"justify\">\n<div \"92\">Voici les annonces de la semaine du lundi 9 au dimanche 15 novembre pour la paroisse des 3 clochers Cr\u00e9cy-la-Chapelle, Villiers-sur-Morin, Voulangis.<\/div>\n<\/div>\n<\/td>\n<\/tr>\n<\/tbody>\n<\/table>\n<table bgcolor =\"F0FAFF\" border=0>\n<tbody>\n<tr>\n<td>\n<table bgcolor =\"F0FAFF\" border=1>\n<tbody>\n<tr>\n<td width=150><font color=\"0020FF\">Lundi 9 novembre<\/font><\/td>\n<td><font color=\"0020FF\">14 h 30 &#8211; R\u00e9union de l&rsquo;\u00e9quipe du rosaire chez Mme Louis.<br \/>\n17 h &#8211; Messe \u00e0 la maison de retraite pour Jos\u00e9phine COLLEU.<br \/>\n18 h &#8211; Messe \u00e0 Cr\u00e9cy pour Gilles DUWARD.<\/font><\/td>\n<\/tr>\n<tr>\n<td width=150><font color=\"0020FF\">Mercredi 11 novembre<\/font><\/td>\n<td><font color=\"0020FF\">11 h &#8211; A Cr\u00e9cy, messe anniversaire de l&rsquo;armistice de 1918.<\/font><\/td>\n<\/tr>\n<tr>\n<td><font color=\"0020FF\">Jeudi 12 novembre<\/font><\/td>\n<td><font color=\"0020FF\">18 h &#8211; A Cr\u00e9cy , Messe pour Louis GRANDHOMME.<\/font><\/td>\n<\/tr>\n<tr>\n<td><font color=\"0020FF\">Vendredi 13 novembre<\/font><\/td>\n<td><font color=\"0020FF\">18 h &#8211; Messe \u00e0 Cr\u00e9cy pour Jean BEAUSIRE.<\/font><\/td>\n<\/tr>\n<tr>\n<td><font color=\"0020FF\">Samedi 14 novembre<\/font><\/td>\n<td><font color=\"0020FF\">10 h \u00e0 11 h 30 &#8211;  r\u00e9union \u00e0 la salle paroissiale l&rsquo;\u00e9quipe MEJ des Jeunes T\u00e9moins.<br \/>\n18 h 30 &#8211; messe \u00e0 Voulangis pour Gilbert CAPITAINE.<br \/>\n20 h \u00e0 21 h 45 &#8211; r\u00e9union \u00e0 la salle paroissiale de l&rsquo;\u00e9quipe MEJ des T\u00e9moins d&rsquo;Aujourd&rsquo;hui.<\/font><\/td>\n<\/tr>\n<tr>\n<td><font color=\"0020FF\">Dimanche 15 novembre<\/font><\/td>\n<td><font color=\"0020FF\"><br \/>\n10 h 30  Messe \u00e0 Cr\u00e9cy pour Andr\u00e9 DAVY.<\/font><\/td>\n<\/tr>\n<\/tbody>\n<\/table>\n<p><font color=\"FF0000\">Nous vous rappelons la journ\u00e9e \u00ab BOITES DE CONSERVE  du SAMEDI 14 NOVEMBRE \u00e0 la sortie des magasins \u00ab March\u00e9 Plus \u00bb et \u00ab Intermarch\u00e9 \u00bb organis\u00e9e par le SECOURS CATHOLIQUE qui compte sur votre g\u00e9n\u00e9rosit\u00e9.<\/font>\n<\/td>\n<\/tbody>\n<\/table>\n","protected":false},"excerpt":{"rendered":"<p>Voici les annonces de la semaine du lundi 9 au dimanche 15 novembre pour la paroisse des 3 clochers Cr\u00e9cy-la-Chapelle, Villiers-sur-Morin, Voulangis. Lundi 9 novembre 14 h 30 &#8211; R\u00e9union de l&rsquo;\u00e9quipe du rosaire&#46;&#46;&#46;<\/p>\n","protected":false},"author":2,"featured_media":0,"comment_status":"open","ping_status":"open","sticky":false,"template":"","format":"standard","meta":{"footnotes":""},"categories":[],"tags":[],"class_list":["post-175","post","type-post","status-publish","format-standard","hentry"],"_links":{"self":[{"href":"http:\/\/www.chapelle-crecy.com\/index.php?rest_route=\/wp\/v2\/posts\/175","targetHints":{"allow":["GET"]}}],"collection":[{"href":"http:\/\/www.chapelle-crecy.com\/index.php?rest_route=\/wp\/v2\/posts"}],"about":[{"href":"http:\/\/www.chapelle-crecy.com\/index.php?rest_route=\/wp\/v2\/types\/post"}],"author":[{"embeddable":true,"href":"http:\/\/www.chapelle-crecy.com\/index.php?rest_route=\/wp\/v2\/users\/2"}],"replies":[{"embeddable":true,"href":"http:\/\/www.chapelle-crecy.com\/index.php?rest_route=%2Fwp%2Fv2%2Fcomments&post=175"}],"version-history":[{"count":0,"href":"http:\/\/www.chapelle-crecy.com\/index.php?rest_route=\/wp\/v2\/posts\/175\/revisions"}],"wp:attachment":[{"href":"http:\/\/www.chapelle-crecy.com\/index.php?rest_route=%2Fwp%2Fv2%2Fmedia&parent=175"}],"wp:term":[{"taxonomy":"category","embeddable":true,"href":"http:\/\/www.chapelle-crecy.com\/index.php?rest_route=%2Fwp%2Fv2%2Fcategories&post=175"},{"taxonomy":"post_tag","embeddable":true,"href":"http:\/\/www.chapelle-crecy.com\/index.php?rest_route=%2Fwp%2Fv2%2Ftags&post=175"}],"curies":[{"name":"wp","href":"https:\/\/api.w.org\/{rel}","templated":true}]}}