{"id":179,"date":"2009-11-16T18:15:00","date_gmt":"2009-11-16T18:15:00","guid":{"rendered":""},"modified":"-0001-11-30T00:00:00","modified_gmt":"-0001-11-29T22:00:00","slug":"","status":"publish","type":"post","link":"http:\/\/www.chapelle-crecy.com\/?p=179","title":{"rendered":"La rando Louis Braille"},"content":{"rendered":"<table bgcolor =\"F0FAFF\" border=0>\n<tbody>\n<tr>\n<td>\n<div align=\"justify\">\n<div \"96\">Le Club de Randonn\u00e9e de Cr\u00e9cy-la-Chapelle a \u00e9t\u00e9 l&rsquo;organisateur de la rando : \u00ab Marchez dans les pas de Louis Braille \u00bb, qui s&rsquo;est d\u00e9roul\u00e9e le 11 Octobre \u00e0\u00a0 Coupvray.<br \/>\n<br \/>\nTrois parcours : d\u00e9couverte, 14 km ;  initi\u00e9s 19 km ;  experts, 27km.<\/div>\n<\/div>\n<\/td>\n<\/tr>\n<\/tbody>\n<\/table>\n<table bgcolor =\"F0FAFF\" border=0>\n<tbody>\n<tr>\n<td>\n<div align=\"justify\">Tous les Clubs seine-marnais de rando \u00e9taient convi\u00e9s pour f\u00eater le 200\u00e8me anniversaire de la naissance de Louis Braille. C&rsquo;\u00e9tait l&rsquo;occasion id\u00e9ale pour faire visiter le cadre de vie de l&rsquo;inventeur de l&rsquo;alphabet qui porte son nom,  pour les aveugles du monde entier. <\/div>\n<p><\/p>\n<div align=\"justify\">Des centaines de randonneurs, venus de tout le d\u00e9partement et d&rsquo;ailleurs, sillonn\u00e8rent, en bon ordre, villes, villages et bois des alentours en faisont honneur \u00e0 notre illustre inventeur.\n<\/div>\n<p> <\/p>\n<div align=\"center\"> <img decoding=\"async\" src=\"\/IMG\/culturel\/louis_braille2.jpg\" width=400> <\/div>\n<div align=\"justify\">Louis Braille est n\u00e9 le 4 janvier 1809 dans une bourgade rurale, Coupvray. Son p\u00e8re \u00e9tait le bourrelier du village et Louis \u00e9tait le plus jeune d&rsquo;une fratrie de 4 enfants. Son destin bascula quand, \u00e2g\u00e9 de trois ans, il se blessa gravement \u00e0 un oeil dans l&rsquo;atelier de son p\u00e8re. Il perdit non seulement l&rsquo;oeil bless\u00e9, mais aussi l&rsquo;autre. Le jeune aveugle fr\u00e9quenta l&rsquo;\u00e9cole du village, tout en contribuant \u00e0 la maison au travail familial de la bourrellerie. Il fut accueilli \u00e0 l&rsquo;Institution Royal des Jeunes Aveugles \u00e0 Paris en 1819.  Les caract\u00e8res en relief mis au point par Valentin Ha\u00c3\u00bcy \u00e9taient alors en vigueur, si difficiles \u00e0 lire avec les doigts. L&rsquo;\u00e9criture restait aux deux proc\u00e9d\u00e9s connus depuis Ha\u00c3\u00bcy : le maniement de caract\u00e8res typographiques pour gaufrer le papier, ou le guide-main.  Louis Braille \u00e9tait un \u00e9l\u00e8ve brillant. Son ami Coltat a dit de lui : \u00ab Un air intelligent, une figure qu&rsquo;illuminait assez souvent un agr\u00e9able sourire, mais que jamais ne troublait une folle gait\u00e9, tout dans la physionomie du jeune Braille faisait pressentir les plus heureuses dispositions et annon\u00e7ait les plus aimables qualit\u00e9s \u00bb. Tr\u00e8s jeune il commen\u00e7a l&rsquo;\u00e9laboration de sa m\u00e9thode d&rsquo;\u00e9criture. A l&rsquo;approche de ses 18 ans, son alphabet ponctu\u00e9 \u00e9tait d\u00e9j\u00e0 presque au point. Il fut emport\u00e9, \u00e0 43 ans, par la tuberculose, le 6 Janvier 1852. Un si\u00e8cle apr\u00e8s sa mort il a \u00e9t\u00e9 admis au Panth\u00e9on.<\/div>\n<p>Gabriel Corradin<\/p>\n<div align=\"center\">\n<img decoding=\"async\" src=\"\/IMG\/culturel\/louis_braille1.jpg\" width=400>\n<\/div>\n<\/td>\n<\/tr>\n<\/tbody>\n<\/table>\n","protected":false},"excerpt":{"rendered":"<p>Le Club de Randonn\u00e9e de Cr\u00e9cy-la-Chapelle a \u00e9t\u00e9 l&rsquo;organisateur de la rando : \u00ab Marchez dans les pas de Louis Braille \u00bb, qui s&rsquo;est d\u00e9roul\u00e9e le 11 Octobre \u00e0\u00a0 Coupvray. Trois parcours : d\u00e9couverte,&#46;&#46;&#46;<\/p>\n","protected":false},"author":2,"featured_media":0,"comment_status":"open","ping_status":"open","sticky":false,"template":"","format":"standard","meta":{"footnotes":""},"categories":[],"tags":[],"class_list":["post-179","post","type-post","status-publish","format-standard","hentry"],"_links":{"self":[{"href":"http:\/\/www.chapelle-crecy.com\/index.php?rest_route=\/wp\/v2\/posts\/179","targetHints":{"allow":["GET"]}}],"collection":[{"href":"http:\/\/www.chapelle-crecy.com\/index.php?rest_route=\/wp\/v2\/posts"}],"about":[{"href":"http:\/\/www.chapelle-crecy.com\/index.php?rest_route=\/wp\/v2\/types\/post"}],"author":[{"embeddable":true,"href":"http:\/\/www.chapelle-crecy.com\/index.php?rest_route=\/wp\/v2\/users\/2"}],"replies":[{"embeddable":true,"href":"http:\/\/www.chapelle-crecy.com\/index.php?rest_route=%2Fwp%2Fv2%2Fcomments&post=179"}],"version-history":[{"count":0,"href":"http:\/\/www.chapelle-crecy.com\/index.php?rest_route=\/wp\/v2\/posts\/179\/revisions"}],"wp:attachment":[{"href":"http:\/\/www.chapelle-crecy.com\/index.php?rest_route=%2Fwp%2Fv2%2Fmedia&parent=179"}],"wp:term":[{"taxonomy":"category","embeddable":true,"href":"http:\/\/www.chapelle-crecy.com\/index.php?rest_route=%2Fwp%2Fv2%2Fcategories&post=179"},{"taxonomy":"post_tag","embeddable":true,"href":"http:\/\/www.chapelle-crecy.com\/index.php?rest_route=%2Fwp%2Fv2%2Ftags&post=179"}],"curies":[{"name":"wp","href":"https:\/\/api.w.org\/{rel}","templated":true}]}}