{"id":180,"date":"2009-11-18T14:00:00","date_gmt":"2009-11-18T14:00:00","guid":{"rendered":""},"modified":"-0001-11-30T00:00:00","modified_gmt":"-0001-11-29T22:00:00","slug":"","status":"publish","type":"post","link":"http:\/\/www.chapelle-crecy.com\/?p=180","title":{"rendered":"Mgr Abgoton \u00e0\u00a0 Cr\u00e9cy"},"content":{"rendered":"<table bgcolor =\"F0FAFF\" border=0>\n<tbody>\n<tr>\n<td>\n<div align=\"justify\">\n<div \"97\">L&rsquo;Eglise d&rsquo;Afrique s&rsquo;invite \u00e0\u00a0 la messe dominicale de Cr\u00e9cy-la-Chapelle. <br \/>\nEn ce dimanche 7 novembre, les paroissiens des trois clochers (Cr\u00e9cy-la-Chapelle, Villiers-sur-Morin, Voulangis) ont eu l&rsquo;honneur et la joie de voir Monseigneur Marcel Agboton, archev\u00eaque de Cotonou, c\u00e9l\u00e9brer la messe dominicale. <\/div>\n<\/p><\/div>\n<\/td>\n<\/tr>\n<\/tbody>\n<\/table>\n<table bgcolor =\"F0FAFF\" border=0>\n<tbody>\n<tr>\n<td>\n<div align=\"justify\">C&rsquo;est quelques jours avant ce dimanche que la visite de Monseigneur Agboton a \u00e9t\u00e9 annonc\u00e9e, comme une belle et heureuse surprise. Mgr Agboton a profit\u00e9 d&rsquo;un passage en Europe, \u00e0 Rome exactement, pour faire un d\u00e9tour dans notre ch\u00e8re petite Venise briarde, comme une continuit\u00e9 dans la g\u00e9ographie \u00ab italienne \u00bb&#8230; Nous pouvons dire maintenant que tous les chemins m\u00e8nent \u00e0 Cr\u00e9cy ! <\/div>\n<p><\/p>\n<div align=\"center\"><img decoding=\"async\" src=\"\/IMG\/messes\/agboton2.jpg\" width=400><\/div>\n<p><\/p>\n<div align=\"justify\">C&rsquo;est bien s\u00fbr gr\u00e2ce aux liens qui continuent \u00e0 se tisser entre le B\u00e9nin et la paroisse des trois clochers que cette visite a eu lieu. Apr\u00e8s le d\u00e9part du p\u00e8re Guillaume Chogolou en d\u00e9but septembre pour son B\u00e9nin natal, faisant suite \u00e0 cinq ann\u00e9es pass\u00e9es \u00e0 Cr\u00e9cy et l&rsquo;arriv\u00e9e, il y a deux mois seulement, du p\u00e8re Aim\u00e9-Fr\u00e9d\u00e9ric Hounzandji, quittant pour quelques ann\u00e9es le coll\u00e8ge-lyc\u00e9e P\u00e8re-Aupiais \u00e0 Cotonou, pour suivre des \u00e9tudes de Sciences de l&rsquo;Education \u00e0 Paris, Mgr Agboton voulait passer saluer son pr\u00eatre et lui manifester son soutien en ce d\u00e9but d&rsquo;une nouvelle exp\u00e9rience, puis en profiter pour t\u00e9moigner, en personne, sa reconnaissance de l&rsquo;accueil r\u00e9serv\u00e9 \u00e0 ses deux pr\u00eatres de son dioc\u00e8se de la part de la paroisse cr\u00e9\u00e7oise. De plus, le p\u00e8re Simon K\u00e8k\u00e8, pr\u00eatre- \u00e9tudiant b\u00e9ninois du dioc\u00e8se de Porto-Novo mais r\u00e9sidant actuellement dans le dioc\u00e8se de Versailles, \u00e9tait \u00e9galement pr\u00e9sent \u00e0 ses c\u00f4t\u00e9s pour c\u00e9l\u00e9brer la messe.<\/div>\n<p><\/p>\n<div align=\"center\"><img decoding=\"async\" src=\"\/IMG\/messes\/agboton1.jpg\" width=400><\/div>\n<p><\/p>\n<div align=\"justify\">Mgr Agboton venait de suivre un synode (*) des \u00e9v\u00eaques sur l&rsquo;Afrique, \u00e0 Rome, dont le th\u00e8me \u00e9tait \u00ab L&rsquo;Eglise en Afrique au service de la r\u00e9conciliation, de la justice et de la paix \u00bb. Son hom\u00e9lie a \u00e9t\u00e9 l&rsquo;occasion d&rsquo;adresser aux paroissiens pr\u00e9sents un message d&rsquo;espoir de l&rsquo;Eglise d&rsquo;Afrique aux autres continents. Malgr\u00e9 les d\u00e9fis que sont la pauvret\u00e9, les maladies et les guerres fratricides, les enfants, les jeunes et les familles d&rsquo;Afrique veulent \u00eatre des agents et des b\u00e2tisseurs de paix pour le monde entier. Mais pour \u00eatre des agents de r\u00e9conciliation, Monseigneur Agboton insiste sur le fait que pour cela, il faut \u00eatre soi-m\u00eame r\u00e9concili\u00e9, avec les autres mais surtout avec Dieu. Voulant partager ses convictions aux paroissiens, Mgr Agboton met l&rsquo;accent, \u00e0 ce propos, sur l&rsquo;importance du sacrement de r\u00e9conciliation et demande de prier pour que sortent de ce  synode des gr\u00e2ces de paix et de justice.<\/div>\n<p><\/p>\n<div align=\"center\"><img decoding=\"async\" src=\"\/IMG\/messes\/agboton3.jpg\" width=400><\/div>\n<p><\/p>\n<div align=\"justify\">La messe fut suivie d&rsquo;un pot d&rsquo;amiti\u00e9, \u00e0 la salle paroissiale, pour remercier l&rsquo;archev\u00eaque de Cotonou de sa visite en notre \u00e9glise \u00e2\u20ac\u00a6 sans la pr\u00e9sence du p\u00e8re Aim\u00e9, qui officiait apr\u00e8s la messe pour un bapt\u00eame d&rsquo;un petit gar\u00e7on. L&rsquo;enfant a d&rsquo;ailleurs \u00e9t\u00e9 pr\u00e9sent\u00e9 \u00e0 la communaut\u00e9, \u00e0 la fin de la messe, par un chaleureux accueil du p\u00e8re Aim\u00e9, prenant dans ses bras le petit gar\u00e7on, comme un symbole de l&rsquo;espoir que Mgr Agboton  porte en tous les enfants du monde, si bien proclam\u00e9 dans son hom\u00e9lie. <\/div>\n<p><\/p>\n<div align=\"justify\">(*) Un synode des \u00e9v\u00eaques est un rassemblement d&rsquo;\u00e9v\u00eaques du monde entier se r\u00e9unissant \u00e0 Rome pour r\u00e9fl\u00e9chir ensemble sur une  question pr\u00e9cise.<\/div>\n<\/td>\n<\/tr>\n<\/tbody>\n<\/table>\n","protected":false},"excerpt":{"rendered":"<p>L&rsquo;Eglise d&rsquo;Afrique s&rsquo;invite \u00e0\u00a0 la messe dominicale de Cr\u00e9cy-la-Chapelle. En ce dimanche 7 novembre, les paroissiens des trois clochers (Cr\u00e9cy-la-Chapelle, Villiers-sur-Morin, Voulangis) ont eu l&rsquo;honneur et la joie de voir Monseigneur Marcel Agboton, archev\u00eaque&#46;&#46;&#46;<\/p>\n","protected":false},"author":2,"featured_media":0,"comment_status":"open","ping_status":"open","sticky":false,"template":"","format":"standard","meta":{"footnotes":""},"categories":[],"tags":[],"class_list":["post-180","post","type-post","status-publish","format-standard","hentry"],"_links":{"self":[{"href":"http:\/\/www.chapelle-crecy.com\/index.php?rest_route=\/wp\/v2\/posts\/180","targetHints":{"allow":["GET"]}}],"collection":[{"href":"http:\/\/www.chapelle-crecy.com\/index.php?rest_route=\/wp\/v2\/posts"}],"about":[{"href":"http:\/\/www.chapelle-crecy.com\/index.php?rest_route=\/wp\/v2\/types\/post"}],"author":[{"embeddable":true,"href":"http:\/\/www.chapelle-crecy.com\/index.php?rest_route=\/wp\/v2\/users\/2"}],"replies":[{"embeddable":true,"href":"http:\/\/www.chapelle-crecy.com\/index.php?rest_route=%2Fwp%2Fv2%2Fcomments&post=180"}],"version-history":[{"count":0,"href":"http:\/\/www.chapelle-crecy.com\/index.php?rest_route=\/wp\/v2\/posts\/180\/revisions"}],"wp:attachment":[{"href":"http:\/\/www.chapelle-crecy.com\/index.php?rest_route=%2Fwp%2Fv2%2Fmedia&parent=180"}],"wp:term":[{"taxonomy":"category","embeddable":true,"href":"http:\/\/www.chapelle-crecy.com\/index.php?rest_route=%2Fwp%2Fv2%2Fcategories&post=180"},{"taxonomy":"post_tag","embeddable":true,"href":"http:\/\/www.chapelle-crecy.com\/index.php?rest_route=%2Fwp%2Fv2%2Ftags&post=180"}],"curies":[{"name":"wp","href":"https:\/\/api.w.org\/{rel}","templated":true}]}}