{"id":181,"date":"2009-11-22T11:59:00","date_gmt":"2009-11-22T11:59:00","guid":{"rendered":""},"modified":"-0001-11-30T00:00:00","modified_gmt":"-0001-11-29T22:00:00","slug":"","status":"publish","type":"post","link":"http:\/\/www.chapelle-crecy.com\/?p=181","title":{"rendered":"Annonces de la semaine du 23 au 29 novembre 2009"},"content":{"rendered":"<table bgcolor =\"F0FAFF\" border=0>\n<tbody>\n<tr>\n<td>\n<div align=\"justify\">\n<div \"98\">Voici les annonces de la semaine du lundi 23 au dimanche 29 novembre pour la paroisse des 3 clochers Cr\u00e9cy-la-Chapelle, Villiers-sur-Morin, Voulangis.<\/div>\n<\/div>\n<\/td>\n<\/tr>\n<\/tbody>\n<\/table>\n<table bgcolor =\"F0FAFF\" border=1>\n<tbody>\n<tr>\n<td>\n<table bgcolor =\"F0FAFF\" border=1>\n<tbody>\n<tr>\n<td width=150><font color=\"0020FF\">Lundi 23 novembre<\/font><\/td>\n<td><font color=\"0020FF\">17 h &#8211; Messe \u00e0 la maison de retraite pour Michel COTTON.<br \/>18 h &#8211; Messe \u00e0 Crecy pour Vincent LAVAL.<\/font><\/td>\n<\/tr>\n<tr>\n<td><font color=\"0020FF\">Jeudi 26 novembre<\/font><\/td>\n<td><font color=\"0020FF\">18 h &#8211; A Cr\u00e9cy , Messe pour Yvonne LIEVIN.<\/font><\/td>\n<\/tr>\n<tr>\n<td><font color=\"0020FF\">Vendredi 27 novembre<\/font><\/td>\n<td><font color=\"0020FF\">18 h &#8211; Messe \u00e0 Cr\u00e9cy pour Micheline et Franck ANDSELL.<\/font><\/td>\n<\/tr>\n<tr>\n<td><font color=\"0020FF\">Samedi 28 novembre<\/font><\/td>\n<td><font color=\"0020FF\"><br \/>\n18 h 30 &#8211; messe \u00e0 Voulangis pour Alain VASSEUR et pour Georges PAQUET.<\/font><\/td>\n<\/tr>\n<tr>\n<td><font color=\"0020FF\">Dimanche 29 novembre<\/font><\/td>\n<td><font color=\"FF0000\">1er dimanche de l&rsquo;Avent.<\/font><br \/><font color=\"0020FF\">10 h 30 &#8211; A Cr\u00e9cy messe pour Genevi\u00e8ve LESCUYER.<br \/>\n11 h 45 &#8211; Bapt\u00eame \u00e0 Cr\u00e9cy de Marina CHATELAIN.<\/font><\/td>\n<\/tbody>\n<\/table>\n<p><font color=\"FF0000\">Ce dimanche 29 est la journ\u00e9e de rassemblement des \u00e9quipes \u00ab\u00a0Jeunes T\u00e9moins\u00a0\u00bb du MEJ, \u00e0 CLAMART.<br \/>\nA la fin des Messes de samedi 28 et dimanche 29, les jeunes de l&rsquo;Aum\u00f4nerie vous proposeront,  comme chaque ann\u00e9e, les traditionnelles \u00ab couronnes de l&rsquo;Avent \u00bb qu&rsquo;ils ont  confectionn\u00e9es. Merci de leur faire bon accueil.<\/font>\n<\/td>\n<\/tr>\n<\/tbody>\n<\/table>\n","protected":false},"excerpt":{"rendered":"<p>Voici les annonces de la semaine du lundi 23 au dimanche 29 novembre pour la paroisse des 3 clochers Cr\u00e9cy-la-Chapelle, Villiers-sur-Morin, Voulangis. Lundi 23 novembre 17 h &#8211; Messe \u00e0 la maison de retraite&#46;&#46;&#46;<\/p>\n","protected":false},"author":2,"featured_media":0,"comment_status":"open","ping_status":"open","sticky":false,"template":"","format":"standard","meta":{"footnotes":""},"categories":[],"tags":[],"class_list":["post-181","post","type-post","status-publish","format-standard","hentry"],"_links":{"self":[{"href":"http:\/\/www.chapelle-crecy.com\/index.php?rest_route=\/wp\/v2\/posts\/181","targetHints":{"allow":["GET"]}}],"collection":[{"href":"http:\/\/www.chapelle-crecy.com\/index.php?rest_route=\/wp\/v2\/posts"}],"about":[{"href":"http:\/\/www.chapelle-crecy.com\/index.php?rest_route=\/wp\/v2\/types\/post"}],"author":[{"embeddable":true,"href":"http:\/\/www.chapelle-crecy.com\/index.php?rest_route=\/wp\/v2\/users\/2"}],"replies":[{"embeddable":true,"href":"http:\/\/www.chapelle-crecy.com\/index.php?rest_route=%2Fwp%2Fv2%2Fcomments&post=181"}],"version-history":[{"count":0,"href":"http:\/\/www.chapelle-crecy.com\/index.php?rest_route=\/wp\/v2\/posts\/181\/revisions"}],"wp:attachment":[{"href":"http:\/\/www.chapelle-crecy.com\/index.php?rest_route=%2Fwp%2Fv2%2Fmedia&parent=181"}],"wp:term":[{"taxonomy":"category","embeddable":true,"href":"http:\/\/www.chapelle-crecy.com\/index.php?rest_route=%2Fwp%2Fv2%2Fcategories&post=181"},{"taxonomy":"post_tag","embeddable":true,"href":"http:\/\/www.chapelle-crecy.com\/index.php?rest_route=%2Fwp%2Fv2%2Ftags&post=181"}],"curies":[{"name":"wp","href":"https:\/\/api.w.org\/{rel}","templated":true}]}}