{"id":182,"date":"2010-11-14T20:55:00","date_gmt":"2010-11-14T20:55:00","guid":{"rendered":""},"modified":"-0001-11-30T00:00:00","modified_gmt":"-0001-11-29T22:00:00","slug":"","status":"publish","type":"post","link":"http:\/\/www.chapelle-crecy.com\/?p=182","title":{"rendered":"Le 11 novembre \u00e0\u00a0 Villiers"},"content":{"rendered":"<table bgcolor =\"F0FAFF\" border=0>\n<tbody>\n<tr>\n<td>\n<div align=\"justify\">\n<div \"99\">Comme chaque ann\u00e9e, les scouts de la Brie se sont joints \u00e0\u00a0 la population de VILLIERS et aux grands anciens afin de comm\u00e9morer l&rsquo;armistice du 11 novembre.<br \/>\n<br \/>\nC&rsquo;est avec une grande \u00e9motion qu&rsquo;ils se sont recueillis \u00e0\u00a0 la m\u00e9moire de tous ceux qui se sont sacrifi\u00e9s pour que nous soyons l\u00e0\u00a0, et libres.<\/div>\n<\/div>\n<\/td>\n<\/tr>\n<\/tbody>\n<\/table>\n<table bgcolor =\"F0FAFF\" border=0>\n<tbody>\n<tr>\n<td>\n<div align=\"justify\">Cet armistice, sign\u00e9 le 11 novembre 1918 \u00e0 5 h 15, marqua la fin de la Premi\u00e8re Guerre mondiale 1914-1918 et la capitulation de l&rsquo;Allemagne.<\/div>\n<p><bR> <\/p>\n<div align=\"center\"><img decoding=\"async\" src=\"\/IMG\/scouts\/11nov_sb2.jpg\"><\/div>\n<p> <\/p>\n<div align=\"justify\">Le cessez-le-feu fut effectif \u00e0 onze heures, entra \u00eenant dans l&rsquo;ensemble de la France des vol\u00e9es de cloches et des sonneries de clairons annon\u00e7ant la fin d&rsquo;une guerre qui fit plus de 18 millions de morts et d&rsquo;autres millions d&rsquo;invalides ou mutil\u00e9s.<br \/>\nLes g\u00e9n\u00e9raux allemands et alli\u00e9s se r\u00e9unirent dans le wagon-restaurant am\u00e9nag\u00e9 du mar\u00e9chal Foch, dans la clairi\u00e8re de Rethondes, en for\u00eat de Compi\u00e8gne.<br \/>\nPlus tard en 1919, \u00e0 Versailles, ils signeront le trait\u00e9 de Versailles.\n<\/div>\n<p><bR> <\/p>\n<div align=\"center\">\n<img decoding=\"async\" src=\"\/IMG\/scouts\/11nov_sb3.jpg\">\n<\/div>\n<\/td>\n<\/tr>\n<\/tbody>\n<\/table>\n","protected":false},"excerpt":{"rendered":"<p>Comme chaque ann\u00e9e, les scouts de la Brie se sont joints \u00e0\u00a0 la population de VILLIERS et aux grands anciens afin de comm\u00e9morer l&rsquo;armistice du 11 novembre. C&rsquo;est avec une grande \u00e9motion qu&rsquo;ils se&#46;&#46;&#46;<\/p>\n","protected":false},"author":2,"featured_media":0,"comment_status":"open","ping_status":"open","sticky":false,"template":"","format":"standard","meta":{"footnotes":""},"categories":[],"tags":[],"class_list":["post-182","post","type-post","status-publish","format-standard","hentry"],"_links":{"self":[{"href":"http:\/\/www.chapelle-crecy.com\/index.php?rest_route=\/wp\/v2\/posts\/182","targetHints":{"allow":["GET"]}}],"collection":[{"href":"http:\/\/www.chapelle-crecy.com\/index.php?rest_route=\/wp\/v2\/posts"}],"about":[{"href":"http:\/\/www.chapelle-crecy.com\/index.php?rest_route=\/wp\/v2\/types\/post"}],"author":[{"embeddable":true,"href":"http:\/\/www.chapelle-crecy.com\/index.php?rest_route=\/wp\/v2\/users\/2"}],"replies":[{"embeddable":true,"href":"http:\/\/www.chapelle-crecy.com\/index.php?rest_route=%2Fwp%2Fv2%2Fcomments&post=182"}],"version-history":[{"count":0,"href":"http:\/\/www.chapelle-crecy.com\/index.php?rest_route=\/wp\/v2\/posts\/182\/revisions"}],"wp:attachment":[{"href":"http:\/\/www.chapelle-crecy.com\/index.php?rest_route=%2Fwp%2Fv2%2Fmedia&parent=182"}],"wp:term":[{"taxonomy":"category","embeddable":true,"href":"http:\/\/www.chapelle-crecy.com\/index.php?rest_route=%2Fwp%2Fv2%2Fcategories&post=182"},{"taxonomy":"post_tag","embeddable":true,"href":"http:\/\/www.chapelle-crecy.com\/index.php?rest_route=%2Fwp%2Fv2%2Ftags&post=182"}],"curies":[{"name":"wp","href":"https:\/\/api.w.org\/{rel}","templated":true}]}}