{"id":183,"date":"2009-11-24T17:15:00","date_gmt":"2009-11-24T17:15:00","guid":{"rendered":""},"modified":"-0001-11-30T00:00:00","modified_gmt":"-0001-11-29T22:00:00","slug":"","status":"publish","type":"post","link":"http:\/\/www.chapelle-crecy.com\/?p=183","title":{"rendered":"La communaut\u00e9 du Verbe de Vie"},"content":{"rendered":"<table bgcolor =\"F0FAFF\" border=0>\n<tbody>\n<tr>\n<td>\n<div align=\"justify\">\n<div \"100\">La maison de l&rsquo;alliance est une petite  fraternit\u00e9 en lien avec la Communaut\u00e9 du Verbe de Vie. La communaut\u00e9 du \u00ab\u00a0Verbe de Vie\u00a0\u00bb fait partie des communaut\u00e9s nouvelles catholiques, n\u00e9es en France dans le sillage du renouveau charismatique. Elle a \u00e9t\u00e9 cr\u00e9\u00e9e en 1986.<\/div>\n<\/div>\n<\/td>\n<\/tr>\n<\/tbody>\n<\/table>\n<table bgcolor =\"F0FAFF\" border=0>\n<tbody>\n<tr>\n<td>\n<div align=\"justify\">La maison de l&rsquo;alliance se r\u00e9unit le jeudi soir, tous les15 jours de 20H30 \u00e0 22H30, autour  d&rsquo;un temps de louange et de pri\u00e8re pour l&rsquo;Eglise, suivi d&rsquo;un repas fraternel. La soir\u00e9e se termine par un temps d&rsquo;\u00e9tude de la Parole de Dieu. Elle est ouverte \u00e0 tous.<br \/>\n<br \/>\nPour plus d&rsquo;informations n&rsquo;h\u00e9sitez pas \u00e0 nous contacter.<br \/>\n<br \/>\nLes soir\u00e9es se passent chez :<\/p>\n<p>Laetitia FOUILLAND<\/p>\n<p>Tel : 01.60.43.82.23<\/div>\n<\/td>\n<\/tr>\n<\/tbody>\n<\/table>\n","protected":false},"excerpt":{"rendered":"<p>La maison de l&rsquo;alliance est une petite fraternit\u00e9 en lien avec la Communaut\u00e9 du Verbe de Vie. La communaut\u00e9 du \u00ab\u00a0Verbe de Vie\u00a0\u00bb fait partie des communaut\u00e9s nouvelles catholiques, n\u00e9es en France dans le&#46;&#46;&#46;<\/p>\n","protected":false},"author":2,"featured_media":0,"comment_status":"open","ping_status":"open","sticky":false,"template":"","format":"standard","meta":{"footnotes":""},"categories":[],"tags":[],"class_list":["post-183","post","type-post","status-publish","format-standard","hentry"],"_links":{"self":[{"href":"http:\/\/www.chapelle-crecy.com\/index.php?rest_route=\/wp\/v2\/posts\/183","targetHints":{"allow":["GET"]}}],"collection":[{"href":"http:\/\/www.chapelle-crecy.com\/index.php?rest_route=\/wp\/v2\/posts"}],"about":[{"href":"http:\/\/www.chapelle-crecy.com\/index.php?rest_route=\/wp\/v2\/types\/post"}],"author":[{"embeddable":true,"href":"http:\/\/www.chapelle-crecy.com\/index.php?rest_route=\/wp\/v2\/users\/2"}],"replies":[{"embeddable":true,"href":"http:\/\/www.chapelle-crecy.com\/index.php?rest_route=%2Fwp%2Fv2%2Fcomments&post=183"}],"version-history":[{"count":0,"href":"http:\/\/www.chapelle-crecy.com\/index.php?rest_route=\/wp\/v2\/posts\/183\/revisions"}],"wp:attachment":[{"href":"http:\/\/www.chapelle-crecy.com\/index.php?rest_route=%2Fwp%2Fv2%2Fmedia&parent=183"}],"wp:term":[{"taxonomy":"category","embeddable":true,"href":"http:\/\/www.chapelle-crecy.com\/index.php?rest_route=%2Fwp%2Fv2%2Fcategories&post=183"},{"taxonomy":"post_tag","embeddable":true,"href":"http:\/\/www.chapelle-crecy.com\/index.php?rest_route=%2Fwp%2Fv2%2Ftags&post=183"}],"curies":[{"name":"wp","href":"https:\/\/api.w.org\/{rel}","templated":true}]}}