{"id":184,"date":"2009-12-06T09:00:00","date_gmt":"2009-12-06T09:00:00","guid":{"rendered":""},"modified":"-0001-11-30T00:00:00","modified_gmt":"-0001-11-29T22:00:00","slug":"","status":"publish","type":"post","link":"http:\/\/www.chapelle-crecy.com\/?p=184","title":{"rendered":"No\u00ebl colliacien 2009"},"content":{"rendered":"<table bgcolor =\"F0FAFF\" border=0>\n<tbody>\n<tr>\n<td>\n<div align=\"justify\">\n<div \"101\">En cette fin d&rsquo;ann\u00e9e 2009, les Amis de l&rsquo;Eglise Saint Georges de Couilly vous convient \u00e0\u00a0 un apr\u00e8s-midi de no\u00f6l le 13 d\u00e9cembre \u00e0\u00a0 partir de 16h00. Une nouvelle fois, vous pourrez d\u00e9couvrir la cr\u00eache de No\u00f6l, maintenant connue depuis plusieurs ann\u00e9es pour sa beaut\u00e9, au beau milieu du choeur de notre \u00e9glise, plac\u00e9e sous des \u00e9clairages renfor\u00e7ant la qualit\u00e9 esth\u00e9tique des personnages et du d\u00e9cor.\n<\/div>\n<\/div>\n<\/td>\n<\/tr>\n<\/tbody>\n<\/table>\n<table bgcolor =\"F0FAFF\" border=0>\n<tbody>\n<tr>\n<td>\n<div align=\"justify\">\nA noter \u00e9galement, cette ann\u00e9e, la veill\u00e9e de la nuit de No\u00ebl se d\u00e9roulera en l&rsquo;\u00e9glise Saint-Georges de Couilly, le 24 d\u00e9cembre \u00e0 partir de 19h00.\n<\/div>\n<p> <\/p>\n<div align=\"center\"><img decoding=\"async\" src=\"\/IMG\/affiches\/noel_couilly\" >\n<\/div>\n<\/td>\n<\/tr>\n<\/tbody>\n<\/table>\n","protected":false},"excerpt":{"rendered":"<p>En cette fin d&rsquo;ann\u00e9e 2009, les Amis de l&rsquo;Eglise Saint Georges de Couilly vous convient \u00e0\u00a0 un apr\u00e8s-midi de no\u00f6l le 13 d\u00e9cembre \u00e0\u00a0 partir de 16h00. Une nouvelle fois, vous pourrez d\u00e9couvrir la&#46;&#46;&#46;<\/p>\n","protected":false},"author":2,"featured_media":0,"comment_status":"open","ping_status":"open","sticky":false,"template":"","format":"standard","meta":{"footnotes":""},"categories":[],"tags":[],"class_list":["post-184","post","type-post","status-publish","format-standard","hentry"],"_links":{"self":[{"href":"http:\/\/www.chapelle-crecy.com\/index.php?rest_route=\/wp\/v2\/posts\/184","targetHints":{"allow":["GET"]}}],"collection":[{"href":"http:\/\/www.chapelle-crecy.com\/index.php?rest_route=\/wp\/v2\/posts"}],"about":[{"href":"http:\/\/www.chapelle-crecy.com\/index.php?rest_route=\/wp\/v2\/types\/post"}],"author":[{"embeddable":true,"href":"http:\/\/www.chapelle-crecy.com\/index.php?rest_route=\/wp\/v2\/users\/2"}],"replies":[{"embeddable":true,"href":"http:\/\/www.chapelle-crecy.com\/index.php?rest_route=%2Fwp%2Fv2%2Fcomments&post=184"}],"version-history":[{"count":0,"href":"http:\/\/www.chapelle-crecy.com\/index.php?rest_route=\/wp\/v2\/posts\/184\/revisions"}],"wp:attachment":[{"href":"http:\/\/www.chapelle-crecy.com\/index.php?rest_route=%2Fwp%2Fv2%2Fmedia&parent=184"}],"wp:term":[{"taxonomy":"category","embeddable":true,"href":"http:\/\/www.chapelle-crecy.com\/index.php?rest_route=%2Fwp%2Fv2%2Fcategories&post=184"},{"taxonomy":"post_tag","embeddable":true,"href":"http:\/\/www.chapelle-crecy.com\/index.php?rest_route=%2Fwp%2Fv2%2Ftags&post=184"}],"curies":[{"name":"wp","href":"https:\/\/api.w.org\/{rel}","templated":true}]}}