{"id":186,"date":"2009-11-28T09:00:00","date_gmt":"2009-11-28T09:00:00","guid":{"rendered":""},"modified":"-0001-11-30T00:00:00","modified_gmt":"-0001-11-29T22:00:00","slug":"","status":"publish","type":"post","link":"http:\/\/www.chapelle-crecy.com\/?p=186","title":{"rendered":"Annonces de la semaine du 28 novembre au 6 d\u00e9cembre 2009"},"content":{"rendered":"<table bgcolor =\"F0FAFF\" border=0>\n<tbody>\n<tr>\n<td>\n<div align=\"justify\">\n<div \"103\">Voici les annonces de la semaine du samedi 28 novembre au dimanche 5 d\u00e9cembre pour la paroisse des 3 clochers Cr\u00e9cy-la-Chapelle, Villiers-sur-Morin, Voulangis.<\/div>\n<\/div>\n<\/td>\n<\/tr>\n<\/tbody>\n<\/table>\n<table bgcolor =\"F0FAFF\" border=1>\n<tbody>\n<tr>\n<td><font color=\"0020FF\">Samedi 28 novembre<\/font><\/td>\n<td><font color=\"0020FF\"><br \/>\n18 h 30 &#8211; messe \u00e0 Voulangis pour Alain VASSEUR et pour Georges PAQUET.<\/font><\/td>\n<\/tr>\n<tr>\n<td><font color=\"0020FF\">Dimanche 29 novembre<\/font><\/td>\n<td><font color=\"FF0000\">1er dimanche de l&rsquo;Avent.<\/font><br \/><font color=\"0020FF\">10 h 30 &#8211; A Cr\u00e9cy messe pour Genevi\u00e8ve LESCUYER. Ce sera aussi une Messe d&rsquo;action de gr\u00e2ce pour la naissance d&rsquo;Alfredo BOYER.<br \/>\n11 h 45 &#8211; Bapt\u00eame \u00e0 Cr\u00e9cy de Marina CHATELAIN.<\/font><br \/>\n<font color=\"FF0000\">Ce dimanche 29 est la journ\u00e9e de rassemblement des \u00e9quipes \u00ab\u00a0Jeunes T\u00e9moins\u00a0\u00bb du MEJ, \u00e0 CLAMART.<br \/>\nA la fin des Messes de samedi 28 et dimanche 29, les jeunes de l&rsquo;Aum\u00f4nerie vous proposeront,  comme chaque ann\u00e9e, les traditionnelles \u00ab couronnes de l&rsquo;Avent \u00bb qu&rsquo;ils ont  confectionn\u00e9es. Merci de leur faire bon accueil.<\/font><\/td>\n<\/tr>\n<tr>\n<td width=150><font color=\"0020FF\">Lundi 30 novembre<\/font><\/td>\n<td><font color=\"0020FF\">17 h &#8211; Messe \u00e0 la maison de retraite pour Jeannine ROUSSEAU.<br \/>18 h &#8211; Messe \u00e0 Crecy pour Jacqueline BOITEUX.<br \/>\n20 h 30 &#8211; R\u00e9union de l&rsquo;Equipe d&rsquo;Animation Pastorale.<\/font><\/td>\n<\/tr>\n<tr>\n<td><font color=\"0020FF\">Jeudi 3 d\u00e9cembre<\/font><\/td>\n<td><font color=\"0020FF\">18 h &#8211; A Cr\u00e9cy , Messe pour Micheline et Franck ANDSELL.<\/font><\/td>\n<\/tr>\n<tr>\n<td><font color=\"0020FF\">Vendredi 4 d\u00e9cembre<\/font><\/td>\n<td><font color=\"0020FF\">18 h &#8211; Messe \u00e0 Cr\u00e9cy pour Maurice VANBUREN.<\/font><\/td>\n<\/tr>\n<tr>\n<td><font color=\"0020FF\">Samedi 5 d\u00e9cembre<\/font><\/td>\n<td><font color=\"0020FF\"><br \/>\n18 h 30 &#8211; messe \u00e0 Villiers pour Robert et Raymonde GUILLAUMY.<br \/>\n20 h 30 &#8211; Concert du Petit Choeur du Grand Morin et de l&rsquo;Ecole de Musique du Pays Cr\u00e9\u00e7ois \u00e0 l&rsquo;\u00e9glise de Cr\u00e9cy pour le TELETHON.<\/font><\/td>\n<\/tr>\n<tr>\n<td><font color=\"0020FF\">Dimanche 6 d\u00e9cembre<\/font><\/td>\n<td><font color=\"FF0000\">2\u00e8me dimanche de l&rsquo;Avent.<\/font><br \/><font color=\"0020FF\">9 h 30 &#8211; R\u00e9p\u00e9tition de chant \u00e0 l&rsquo;\u00e9glise de Cr\u00e9cy. Tous ceux qui aiment chanter sont invit\u00e9s.<br \/>\n10 h 30 &#8211; A Cr\u00e9cy messe pour la famille BLAVIER et Alphonse MOREL.<\/font><br \/>\nSeront propos\u00e9es \u00e0 votre g\u00e9n\u00e9rosit\u00e9, des bo \u00eetes de chocolat      pr\u00e9sent\u00e9es, comme chaque ann\u00e9e par les AMIS DU BURKINA FASO <\/td>\n<\/tr>\n<\/tbody>\n<\/table>\n","protected":false},"excerpt":{"rendered":"<p>Voici les annonces de la semaine du samedi 28 novembre au dimanche 5 d\u00e9cembre pour la paroisse des 3 clochers Cr\u00e9cy-la-Chapelle, Villiers-sur-Morin, Voulangis. Samedi 28 novembre 18 h 30 &#8211; messe \u00e0 Voulangis pour&#46;&#46;&#46;<\/p>\n","protected":false},"author":2,"featured_media":0,"comment_status":"open","ping_status":"open","sticky":false,"template":"","format":"standard","meta":{"footnotes":""},"categories":[],"tags":[],"class_list":["post-186","post","type-post","status-publish","format-standard","hentry"],"_links":{"self":[{"href":"http:\/\/www.chapelle-crecy.com\/index.php?rest_route=\/wp\/v2\/posts\/186","targetHints":{"allow":["GET"]}}],"collection":[{"href":"http:\/\/www.chapelle-crecy.com\/index.php?rest_route=\/wp\/v2\/posts"}],"about":[{"href":"http:\/\/www.chapelle-crecy.com\/index.php?rest_route=\/wp\/v2\/types\/post"}],"author":[{"embeddable":true,"href":"http:\/\/www.chapelle-crecy.com\/index.php?rest_route=\/wp\/v2\/users\/2"}],"replies":[{"embeddable":true,"href":"http:\/\/www.chapelle-crecy.com\/index.php?rest_route=%2Fwp%2Fv2%2Fcomments&post=186"}],"version-history":[{"count":0,"href":"http:\/\/www.chapelle-crecy.com\/index.php?rest_route=\/wp\/v2\/posts\/186\/revisions"}],"wp:attachment":[{"href":"http:\/\/www.chapelle-crecy.com\/index.php?rest_route=%2Fwp%2Fv2%2Fmedia&parent=186"}],"wp:term":[{"taxonomy":"category","embeddable":true,"href":"http:\/\/www.chapelle-crecy.com\/index.php?rest_route=%2Fwp%2Fv2%2Fcategories&post=186"},{"taxonomy":"post_tag","embeddable":true,"href":"http:\/\/www.chapelle-crecy.com\/index.php?rest_route=%2Fwp%2Fv2%2Ftags&post=186"}],"curies":[{"name":"wp","href":"https:\/\/api.w.org\/{rel}","templated":true}]}}