{"id":187,"date":"2009-12-13T20:00:00","date_gmt":"2009-12-13T20:00:00","guid":{"rendered":""},"modified":"-0001-11-30T00:00:00","modified_gmt":"-0001-11-29T22:00:00","slug":"","status":"publish","type":"post","link":"http:\/\/www.chapelle-crecy.com\/?p=187","title":{"rendered":"LCE 77 t\u00e9moignage automne 2009"},"content":{"rendered":"<table bgcolor =\"F0FAFF\" border=0>\n<tbody>\n<tr>\n<td>\n<div align=\"justify\">\n<div \"104\">\n<div align=\"center\">Lourdes Cancer Esp\u00e9rance \u201c LCE.77.<br \/>\nMessage d&rsquo;Automne  &#8211;  Novembre 2009 \u201c T\u00e9moignage  de Claude LAURENT<br \/>\nMa rencontre avec LCE. en 2007 \/ 2008.<\/div>\n<p> <\/p>\n<div align=\"justify\">Pendant plus de vingt ans, j&rsquo;ai eu la chance de travailler dans le VI eme   arrondissement de Paris, \u00e0\u00a0 deux pas de la rue du Bac. <br \/>\nAinsi je pouvais me rendre ais\u00e9ment, \u00e0\u00a0 la Chapelle de la m\u00e9daille miraculeuse pour la messe ou plus simplement pour y prier un peu &#8230;<\/div>\n<\/td>\n<\/tr>\n<\/tbody>\n<\/table>\n<table bgcolor =\"F0FAFF\" border=0>\n<tbody>\n<tr>\n<td>\n<div align=\"justify\">C&rsquo;\u00e9tait un jour ordinaire de mai 2007.<br \/>\nCe jour l\u00e0, \u00e0 la chapelle, une messe commen\u00e7ait, aussi voyant que je disposais d&rsquo;un peu de temps, je d\u00e9cidais de rester.<br \/>\nAu cours de la messe, je m&rsquo;aper\u00e7ois qu&rsquo;il y a des personnes portant un foulard blanc frapp\u00e9 d&rsquo;un logo vert. \u00abUn p\u00e8lerinage sans doute,\u00bb c&rsquo;est si fr\u00e9quent ici!<br \/>\nLa messe termin\u00e9e, les personnes au foulard quittent la chapelle assez<br \/>\nlentement, laissant sur les bancs quelques feuillets de chants.<br \/>\nPar curiosit\u00e9, j&rsquo;en prends un, je me re-assois, je lis: \u00ab Lourdes- Cancer- Esp\u00e9rance\u00bb ces  3 mots me frappent, je les relis, comme pour en \u00eatre s\u00fbr et \u00e0 cet instant, je sens un fr\u00e9missement m&rsquo;envahir.<br \/>\n\u00abMais ces personnes au foulard\u00e2\u20ac\u00a6 c&rsquo;\u00e9tait donc\u00e2\u20ac\u00a6 je n&rsquo;\u00e9tais donc pas le seul dans cette chapelle et pendant cette messe, \u00e0 \u00eatre atteint par lecancer?\u00bb<\/div>\n<div align=\"center\"><img decoding=\"async\" src=\"\/IMG\/lieux\/lourdes01.jpg\" width=500><\/div>\n<p> <\/p>\n<div align=\"justify\">\nUne r\u00e9v\u00e9lation\u00e2\u20ac\u00a6 \u00ab Cela ne se voit pas!\u00bb<br \/>\nAussit\u00f4t, je fourre le feuillet dans ma poche et je quitte la chapelle,<br \/>\navec peut-\u00eatre au fond de moi le secret d\u00e9sir de retrouver ces personnes. Une fois dehors, en effet, j&rsquo;en revois quelques unes, je vais vers elles, tout en me tenant \u00e0 l&rsquo;\u00e9cart. Je les observe.<br \/>\n\u00abCela ne se voit pas qu&rsquo;elles sont atteintes du cancer! D&rsquo;ailleurs, pour moi non plus \u00e7\u00e0 ne se voit pas, on me l&rsquo;a d\u00e9j\u00e0 dit.\u00bb<\/div>\n<p> <\/p>\n<div align=\"justify\">\nApr\u00e8s un coup d&rsquo;oeil sur ma montre, je devais y aller cette fois<br \/>\nJ&rsquo;en restais donc l\u00e0 avec ces personnes au foulard blanc et vert.<br \/>\nCe jour l\u00e0, je franchissais la porte de mon \u00e9tablissement, pour reprendre le travail, avec plus de joie qu&rsquo;\u00e0 l&rsquo;accoutum\u00e9e, car je venais de faire une rencontre. Je ne savais ni quand, ni comment, mais ces personnes je les reverrai, j&rsquo;en avais la certitude.<\/p>\n<div align=\"center\"><img decoding=\"async\" width=500 src=\"\/IMG\/lieux\/lourdes02.jpg\"><\/div>\n<p> <\/p>\n<div align=\"justify\">\n    Ma rencontre avec LCE. en 2007 \/ 2008.<br \/>\nLe soir, dans le train de banlieue qui me ramenait chez moi,<br \/>\nJe replongeai la main dans ma poche pour retirer et lire le fameux feuillet. On y annon\u00e7ait un p\u00e8lerinage \u00e0 Lourdes  en septembre.<br \/>\nCommenc\u00e9 depuis quatre mois, mon traitement devait se poursuivre par des phases lourdes, non encore programm\u00e9es.<br \/>\nJe devais donc me maintenir dans une certaine disponibilit\u00e9, et puis<br \/>\nje ne savais rien de ce \u00abLourdes Cancer Esp\u00e9rance, \u00bb pour toutes ces raisons, je ne pourrai pas me rendre \u00e0 Lourdes en 2007.<\/div>\n<p> <\/p>\n<div align=\"justify\">2008 &#8211;  Un parcours de soins dans l&rsquo;Esp\u00e9rance!<br \/>\nAu d\u00e9but de l&rsquo;ann\u00e9e, la th\u00e9rapie reprend de plus belle.<br \/>\nElle m&rsquo;accaparera pendant deux mois, mais tout habit\u00e9 cette fois par l&rsquo;intention d&rsquo;aller \u00e0 Lourdes en septembre avec LCE. Il arrive cependant que dans  un parcours de soins, on en vienne parfois \u00e0 tendre le dos, sans trop savoir de quoi demain sera fait, bien qu&rsquo;il soit salutaire de se maintenir dans l&rsquo;esp\u00e9rance! Cela fait partie de la th\u00e9rapie.<br \/>\nContacts avec la d\u00e9l\u00e9gation du 77.<br \/>\nLes foudres pass\u00e9es, j&rsquo;essaye de r\u00e9cup\u00e9rer ma vie et le projet de p\u00e8lerinage LCE revient donc, tout naturellement \u00e0 l&rsquo;ordre du jour.<br \/>\nLa suite fut presque administrative, recherche de coordonn\u00e9es, rencontre avec la d\u00e9l\u00e9gu\u00e9e, programme du p\u00e8lerinage, inscription\u00e2\u20ac\u00a6<br \/>\nLa responsable de la d\u00e9l\u00e9gation m&rsquo;a bien confort\u00e9 dans l&rsquo;id\u00e9e que je ne m&rsquo;\u00e9tais pas tromp\u00e9 de mouvement et que je devais me mettre dans cette fameuse \u00abesp\u00e9rance\u00bb: aller et vivre le p\u00e8lerinage 2008.\n<\/div>\n<p> <\/p>\n<div align=\"justify\">\nEn route vers \u00abLe p\u00e8lerinage du sourire\u00bb<br \/>\nA la gare parisienne o\u00f9 nous avions rendez-vous pour prendre le train Corail pour nous conduire jusqu&rsquo;\u00e0 la Cit\u00e9 mariale, je voyais se rassembler au lieu de se disperser, les foulards blanc et vert, et cette fois j&rsquo;\u00e9tais avec eux.! C&rsquo;\u00e9tait pour moi, un peu l&rsquo;aboutissement d&rsquo;un parcours, le temps \u00e9tait pass\u00e9 et beaucoup de choses \u00e9taient intervenues.\n<\/div>\n<p> <\/p>\n<div align=\"justify\">\nL&rsquo;arriv\u00e9e et l&rsquo;installation \u00e0 Lourdes dans l&rsquo;effervescence<br \/>\nLe soir m\u00eame avait lieu la c\u00e9l\u00e9bration d&rsquo;entr\u00e9e en p\u00e8lerinage dans une basilique qui regroupait 5200 p\u00e8lerins, la joie d&rsquo;\u00eatre l\u00e0, semblait occuper tout l&rsquo;espace.  Oui j&rsquo;\u00e9tais bien au p\u00e8lerinage dont on m&rsquo;avait parl\u00e9:<br \/>\nLe p\u00e8lerinage du sourire! c&rsquo;est le LCE &#8211; il ne se raconte pas, il se vit!<br \/>\nQuelle gr\u00e2ce! &#8211; Merci \u00e0 tous ces visages, \u00e0 ces sourires si proches et si chaleureux.                                          Claude Laurent du 77.<br \/>\n\u00abLe miracle de Lourdes est un miracle des coeurs qui se transforment\u00bb <\/p>\n<div align=\"center\"><img decoding=\"async\" src=\"\/IMG\/lieux\/lourdes03.jpg\" width=500><\/div>\n<p> <\/p>\n<div align=\"justify\">\nLe 24eme p\u00e8lerinage de L.C.E, s&rsquo;est tenu \u00e0 Lourdes du 22 au 26 septembre 2009 sous la pr\u00e9sidence de Mgr Boulanger \u00e9v\u00eaque<br \/>\nde S\u00e9es. Il regroupait 5300 p\u00e8lerins venus de France  Belgique  Monaco.<br \/>\nTh\u00e8me  de l&rsquo;ann\u00e9e: \u00able Chemin de Bernadette\u00bb\n<\/div>\n<p> <\/p>\n<div align=\"justify\">\nNotre d\u00e9l\u00e9gation du LCE.77 avait 32 participants et cette ann\u00e9e, le p\u00e8re Joseph Gilloots nous accompagnait.<br \/>\nQue peut-on rapporter du p\u00e8lerinage 2009 LCE. quand il est convenu de dire qu&rsquo;il se vit et ne se raconte pas? mais serait-il fraternel, de ne pas partager, au moins un peu, les exp\u00e9riences et les d\u00e9marches au cours desquelles les gr\u00e2ces se manifestent et se re\u00e7oivent en abondance en ce lieu si rafra \u00eechissant et si gu\u00e9rissant.\n<\/div>\n<p> <\/p>\n<div align=\"justify\">\nLa joie et l&rsquo;esp\u00e9rance \u00e9taient au rendez vous <br \/>\n&#8211; La joie! C&rsquo;est par l\u00e0 qu&rsquo;il faut commencer. La joie des retrouvailles toujours un peu fragiles; la joie d&rsquo;\u00eatre de nouveau l\u00e0, en ce lieu, apr\u00e8s une ann\u00e9e d&rsquo;absence, la joie de prier, de chanter et de c\u00e9l\u00e9brer ensemble, et enfin la joie de pouvoir crier notre esp\u00e9rance!<\/p>\n<p>&#8211; L&rsquo;esp\u00e9rance! Oui ce d\u00e9fi apparemment d\u00e9risoire, face \u00e0 la maladie,<br \/>\nmais qui transforme tout et donne sens au non-sens.\n<\/p><\/div>\n<p> <\/p>\n<div align=\"justify\">\nLa rencontre<br \/>\nLa rencontre! avec Marie et Bernadette bien s\u00fbr, mais aussi avec tous les p\u00e8lerins, la rencontre du regard et du sourire de l&rsquo;autre,<br \/>\nLa rencontre par la parole dans les carrefours o\u00f9 se d\u00e9posent parfois, sous le couvert de l&rsquo;anonymat, exp\u00e9riences, solitudes et tous les fardeaux devenus trop lourds pour \u00eatre gard\u00e9s pour soi,<br \/>\nLa rencontre dans le partage de la pri\u00e8re, dans toutes nos d\u00e9marches spirituelles et dans nos temps de vie en d\u00e9l\u00e9gation.\n<\/div>\n<p> <\/p>\n<div align=\"justify\">\nLes sacrements<br \/>\nLes sacrements! Outre les grands classiques de Lourdes: les piscines<br \/>\nchemins de croix, procession eucharistique, procession mariale\u00e2\u20ac\u00a6<br \/>\nIl faut aussi \u00e9voquer les sacrements. Au cours d&rsquo;un tel p\u00e8lerinage, on peut recevoir trois sacrements, trois sur les sept que propose l&rsquo;Eglise.\n<\/div>\n<p> <\/p>\n<div align=\"justify\">\nQuand on retire ceux qui ne sont donn\u00e9s qu&rsquo;une fois, c&rsquo;est dire! Ce n&rsquo;est plus une source, c&rsquo;est un torrent de gr\u00e2ces aussi tumultueux que l&rsquo;est<br \/>\nle Gave, quand s&rsquo;\u00e9l\u00e8ve ses eaux\u00e2\u20ac\u00a6                                                       <\/p>\n<div align=\"center\"><img decoding=\"async\" src=\"\/IMG\/lieux\/lourdes04.jpg\" width=500><\/div>\n<p> <\/p>\n<div align=\"justify\">\nLes Sacrements <br \/>\nLa R\u00e9conciliation : Ce sacrement qui nous lib\u00e8re de notre humanit\u00e9 souvent trop encombrante et qui vient nous r\u00e9tablir dans l&rsquo;amour du P\u00e8re.<\/p>\n<p>L&rsquo;Eucharistie, manifest\u00e9e et r\u00e9alis\u00e9e, au milieu de nous, dans ces belles<br \/>\net grandes  c\u00e9l\u00e9brations qui remplissent, chaque jour, tout l&rsquo;espace de la Basilique souterraine Saint Pie X.<\/p>\n<p>L&rsquo;Onction des malades : Enfin l&rsquo;onction des malades, cette gr\u00e2ce offerte comme un baume et un parfum gu\u00e9rissant, pour notre coeur, notre esprit et notre corps.<\/p>\n<p>On quitte toujours Lourdes \u00e0 regrets, mais d\u00e9j\u00e0 nos regards se tournent vers le p\u00e8lerinage 2010 -du 25eme anniversaire- qui sera une grande f\u00eate, ce d\u00e9fi pendant un an, va porter notre esp\u00e9rance.<\/p>\n<p>\u00abPour mettre dans tes pas, nos pas, trop h\u00e9sitants\u00e2\u20ac\u00a6<br \/>\n                  S&rsquo;il te plait Bernadette, pr\u00eate-nous tes sabots! \u00bb<\/p>\n<p>Pri\u00e8re &#8211;<br \/>\n<\/p>\n<p>Bernadette,<\/p>\n<p>Pour mettre dans tes pas trop h\u00e9sitants,<br \/>\nS&rsquo;il te plait, Bernadette, pr\u00eate moi tes sabots.<\/p>\n<p>Ils sont pour moi symbole, \u00e0 la fois de bon sens<br \/>\nD&rsquo;esprit de pauvret\u00e9 et de simplicit\u00e9.<br \/>\nTu sais bien h\u00e9las que tout cela me manque,<br \/>\nS&rsquo;il te plait, Bernadette, pr\u00eate moi tes sabots.<\/p>\n<p>Tu allais ramasser le bois qui fait la flamme<br \/>\nEt r\u00e9unit les hommes en les r\u00e9confortant.<br \/>\nPour que je puisse aussi r\u00e9chauffer ceux qui cherchent,<br \/>\nOu silence, ou parole,  ou sourire, ou soutien,<br \/>\nS&rsquo;il te plait Bernadette, pr\u00eate moi tes sabots.<\/p>\n<p>Et s&rsquo;ils sont trop petits, qu&rsquo;ils me rendent modeste.<br \/>\nQue j&rsquo;avance en sachant que je suis limit\u00e9,<br \/>\nAvec des petits pas, des chutes, des rel\u00e8ves,<br \/>\nS&rsquo;il te plait Bernadette, pr\u00eate moi tes sabots.<\/p>\n<p>Pour monter vers le P\u00e8re qui m&rsquo;attend et qui m&rsquo;aime,<br \/>\nPour entrer dans la f\u00eate tout au bout du chemin,<br \/>\nApr\u00e8s avoir march\u00e9, portant mes joies, mes peines,<br \/>\nTout en te demandant de me donner la main<br \/>\nS&rsquo;il te plait Bernadette, pr\u00eate moi tes sabots.<\/p>\n<p>                                                             Marie Louise Pierson.<\/p>\n<div align=\"center\"><img decoding=\"async\" src=\"\/IMG\/lieux\/lourdes05.jpg\" width=400><\/div>\n<\/td>\n<\/tr>\n<\/tbody>\n<\/table>\n","protected":false},"excerpt":{"rendered":"<p>Lourdes Cancer Esp\u00e9rance \u201c LCE.77. Message d&rsquo;Automne &#8211; Novembre 2009 \u201c T\u00e9moignage de Claude LAURENT Ma rencontre avec LCE. en 2007 \/ 2008. Pendant plus de vingt ans, j&rsquo;ai eu la chance de travailler&#46;&#46;&#46;<\/p>\n","protected":false},"author":2,"featured_media":0,"comment_status":"open","ping_status":"open","sticky":false,"template":"","format":"standard","meta":{"footnotes":""},"categories":[],"tags":[],"class_list":["post-187","post","type-post","status-publish","format-standard","hentry"],"_links":{"self":[{"href":"http:\/\/www.chapelle-crecy.com\/index.php?rest_route=\/wp\/v2\/posts\/187","targetHints":{"allow":["GET"]}}],"collection":[{"href":"http:\/\/www.chapelle-crecy.com\/index.php?rest_route=\/wp\/v2\/posts"}],"about":[{"href":"http:\/\/www.chapelle-crecy.com\/index.php?rest_route=\/wp\/v2\/types\/post"}],"author":[{"embeddable":true,"href":"http:\/\/www.chapelle-crecy.com\/index.php?rest_route=\/wp\/v2\/users\/2"}],"replies":[{"embeddable":true,"href":"http:\/\/www.chapelle-crecy.com\/index.php?rest_route=%2Fwp%2Fv2%2Fcomments&post=187"}],"version-history":[{"count":0,"href":"http:\/\/www.chapelle-crecy.com\/index.php?rest_route=\/wp\/v2\/posts\/187\/revisions"}],"wp:attachment":[{"href":"http:\/\/www.chapelle-crecy.com\/index.php?rest_route=%2Fwp%2Fv2%2Fmedia&parent=187"}],"wp:term":[{"taxonomy":"category","embeddable":true,"href":"http:\/\/www.chapelle-crecy.com\/index.php?rest_route=%2Fwp%2Fv2%2Fcategories&post=187"},{"taxonomy":"post_tag","embeddable":true,"href":"http:\/\/www.chapelle-crecy.com\/index.php?rest_route=%2Fwp%2Fv2%2Ftags&post=187"}],"curies":[{"name":"wp","href":"https:\/\/api.w.org\/{rel}","templated":true}]}}