{"id":1883,"date":"2025-02-25T21:02:50","date_gmt":"2025-02-25T20:02:50","guid":{"rendered":"https:\/\/www.chapelle-crecy.com\/?p=1883"},"modified":"2025-02-25T21:02:50","modified_gmt":"2025-02-25T20:02:50","slug":"les-conferences-de-careme","status":"publish","type":"post","link":"http:\/\/www.chapelle-crecy.com\/?p=1883","title":{"rendered":"Les conf\u00e9rences de Car\u00eame"},"content":{"rendered":"Dimanche 9 Mars, \u00e0 15h \u00e0 l\u2019\u00e9glise St R\u00e9mi de Villiers- Sur-Morin table ronde autour de Claude GROLLIMUND (Peintre) et de son \u0153uvre sur les chemins et cheminements.\n\n<figure class=\"wp-block-image size-full\"><img loading=\"lazy\" decoding=\"async\" width=\"180\" height=\"202\" src=\"https:\/\/www.chapelle-crecy.com\/wp-content\/uploads\/2025\/02\/careme_c1.jpg\" alt=\"\" class=\"wp-image-1884\"\/><\/figure>\n\n\n<p>Dimanche 16 Mars \u00e0 15h au presbyt\u00e8re de Cr\u00e9cy-La-Chapelle, lecture de la lettre pastorale de Monseigneur Nahmias<\/p>\n\n\n<figure class=\"wp-block-image size-full\"><img loading=\"lazy\" decoding=\"async\" width=\"157\" height=\"147\" src=\"https:\/\/www.chapelle-crecy.com\/wp-content\/uploads\/2025\/02\/careme_c2.jpg\" alt=\"\" class=\"wp-image-1885\"\/><\/figure>\n\n\n<p>&#8211; Dimanche 23 Mars \u00e0 15h aux salles paroissiales de Cr\u00e9cy-La-Chapelle, conf\u00e9rence sur l\u2019Islam par<br \/>\nle P\u00e8re Fran\u00e7ois-Oliver<\/p>\n\n\n<figure class=\"wp-block-image size-full\"><img loading=\"lazy\" decoding=\"async\" width=\"167\" height=\"156\" src=\"https:\/\/www.chapelle-crecy.com\/wp-content\/uploads\/2025\/02\/careme_c3.jpg\" alt=\"\" class=\"wp-image-1886\"\/><\/figure>\n\n\n<p>&#8211; Dimanche 6 Avril , \u00e0 15h \u00e0 l\u2019\u00e9glise St R\u00e9mi de Villiers-Sur-Morin, Le chemin de P\u00e2ques, c\u00e9l\u00e9bration et m\u00e9moire de tous nos d\u00e9funts en lien avec l\u2019ann\u00e9e de l\u2019esp\u00e9rance.<\/p>\n\n\n<figure class=\"wp-block-image size-full\"><img loading=\"lazy\" decoding=\"async\" width=\"180\" height=\"202\" src=\"https:\/\/www.chapelle-crecy.com\/wp-content\/uploads\/2025\/02\/careme_c4.jpg\" alt=\"\" class=\"wp-image-1887\"\/><\/figure>\n","protected":false},"excerpt":{"rendered":"<p>Dimanche 9 Mars, \u00e0 15h \u00e0 l\u2019\u00e9glise St R\u00e9mi de Villiers- Sur-Morin table ronde autour de Claude GROLLIMUND (Peintre) et de son \u0153uvre sur les chemins et cheminements. Dimanche 16 Mars \u00e0 15h au&#46;&#46;&#46;<\/p>\n","protected":false},"author":1,"featured_media":0,"comment_status":"open","ping_status":"open","sticky":false,"template":"","format":"standard","meta":{"footnotes":""},"categories":[6],"tags":[],"class_list":["post-1883","post","type-post","status-publish","format-standard","hentry","category-careme"],"_links":{"self":[{"href":"http:\/\/www.chapelle-crecy.com\/index.php?rest_route=\/wp\/v2\/posts\/1883","targetHints":{"allow":["GET"]}}],"collection":[{"href":"http:\/\/www.chapelle-crecy.com\/index.php?rest_route=\/wp\/v2\/posts"}],"about":[{"href":"http:\/\/www.chapelle-crecy.com\/index.php?rest_route=\/wp\/v2\/types\/post"}],"author":[{"embeddable":true,"href":"http:\/\/www.chapelle-crecy.com\/index.php?rest_route=\/wp\/v2\/users\/1"}],"replies":[{"embeddable":true,"href":"http:\/\/www.chapelle-crecy.com\/index.php?rest_route=%2Fwp%2Fv2%2Fcomments&post=1883"}],"version-history":[{"count":1,"href":"http:\/\/www.chapelle-crecy.com\/index.php?rest_route=\/wp\/v2\/posts\/1883\/revisions"}],"predecessor-version":[{"id":1888,"href":"http:\/\/www.chapelle-crecy.com\/index.php?rest_route=\/wp\/v2\/posts\/1883\/revisions\/1888"}],"wp:attachment":[{"href":"http:\/\/www.chapelle-crecy.com\/index.php?rest_route=%2Fwp%2Fv2%2Fmedia&parent=1883"}],"wp:term":[{"taxonomy":"category","embeddable":true,"href":"http:\/\/www.chapelle-crecy.com\/index.php?rest_route=%2Fwp%2Fv2%2Fcategories&post=1883"},{"taxonomy":"post_tag","embeddable":true,"href":"http:\/\/www.chapelle-crecy.com\/index.php?rest_route=%2Fwp%2Fv2%2Ftags&post=1883"}],"curies":[{"name":"wp","href":"https:\/\/api.w.org\/{rel}","templated":true}]}}