{"id":189,"date":"2009-12-05T20:50:00","date_gmt":"2009-12-05T20:50:00","guid":{"rendered":""},"modified":"-0001-11-30T00:00:00","modified_gmt":"-0001-11-29T22:00:00","slug":"","status":"publish","type":"post","link":"http:\/\/www.chapelle-crecy.com\/?p=189","title":{"rendered":"Concert de no\u00ebl le 11 d\u00e9cembre \u00e0\u00a0 Coulommiers"},"content":{"rendered":"<table bgcolor =\"F0FAFF\" border=0>\n<tbody>\n<tr>\n<td>\n<div align=\"justify\">\n<div \"106\">\n<div align=\"justify\">Le service culturel de la Ville de Coulommiers organise, en partenariat avec l&rsquo;Ecole municipale de musique de Coulommiers et la Ville de la Fert\u00e9-sous-Jouarre un concert de No\u00f6l le vendredi 11 d\u00e9cembre prochain \u00e0\u00a0 20h30, en l&rsquo;\u00e9glise St Denys Ste Foy de Coulommiers.<br \/>\nLes places sont en vente \u00e0\u00a0 l&rsquo;office du tourisme et pour ceux qui se d\u00e9cideraient \u00e0\u00a0 la derni\u00e8re minute, une billetterie sera pr\u00e9sente sur place.\n<\/div>\n<\/div>\n<\/td>\n<\/tr>\n<\/tbody>\n<\/table>\n<div align=\"center\"><img decoding=\"async\" src=\"\/IMG\/affiches\/concert_noel_coulommiers.jpg\" width=600><\/div>\n","protected":false},"excerpt":{"rendered":"<p>Le service culturel de la Ville de Coulommiers organise, en partenariat avec l&rsquo;Ecole municipale de musique de Coulommiers et la Ville de la Fert\u00e9-sous-Jouarre un concert de No\u00f6l le vendredi 11 d\u00e9cembre prochain \u00e0\u00a0&#46;&#46;&#46;<\/p>\n","protected":false},"author":2,"featured_media":0,"comment_status":"open","ping_status":"open","sticky":false,"template":"","format":"standard","meta":{"footnotes":""},"categories":[],"tags":[],"class_list":["post-189","post","type-post","status-publish","format-standard","hentry"],"_links":{"self":[{"href":"http:\/\/www.chapelle-crecy.com\/index.php?rest_route=\/wp\/v2\/posts\/189","targetHints":{"allow":["GET"]}}],"collection":[{"href":"http:\/\/www.chapelle-crecy.com\/index.php?rest_route=\/wp\/v2\/posts"}],"about":[{"href":"http:\/\/www.chapelle-crecy.com\/index.php?rest_route=\/wp\/v2\/types\/post"}],"author":[{"embeddable":true,"href":"http:\/\/www.chapelle-crecy.com\/index.php?rest_route=\/wp\/v2\/users\/2"}],"replies":[{"embeddable":true,"href":"http:\/\/www.chapelle-crecy.com\/index.php?rest_route=%2Fwp%2Fv2%2Fcomments&post=189"}],"version-history":[{"count":0,"href":"http:\/\/www.chapelle-crecy.com\/index.php?rest_route=\/wp\/v2\/posts\/189\/revisions"}],"wp:attachment":[{"href":"http:\/\/www.chapelle-crecy.com\/index.php?rest_route=%2Fwp%2Fv2%2Fmedia&parent=189"}],"wp:term":[{"taxonomy":"category","embeddable":true,"href":"http:\/\/www.chapelle-crecy.com\/index.php?rest_route=%2Fwp%2Fv2%2Fcategories&post=189"},{"taxonomy":"post_tag","embeddable":true,"href":"http:\/\/www.chapelle-crecy.com\/index.php?rest_route=%2Fwp%2Fv2%2Ftags&post=189"}],"curies":[{"name":"wp","href":"https:\/\/api.w.org\/{rel}","templated":true}]}}