{"id":1898,"date":"2025-03-12T19:57:15","date_gmt":"2025-03-12T18:57:15","guid":{"rendered":"https:\/\/www.chapelle-crecy.com\/?p=1898"},"modified":"2025-03-12T19:57:15","modified_gmt":"2025-03-12T18:57:15","slug":"edito-de-careme","status":"publish","type":"post","link":"http:\/\/www.chapelle-crecy.com\/?p=1898","title":{"rendered":"Edito de car\u00eame"},"content":{"rendered":"<p>Voici l&rsquo;\u00e9dito de Antoine Pasquier de Familles Chr\u00e9tiennes \u00e0 l&rsquo;occasion du mercredi des cendres.<\/p>\n\n\n<figure class=\"wp-block-image size-large\"><img loading=\"lazy\" decoding=\"async\" width=\"513\" height=\"1024\" src=\"https:\/\/www.chapelle-crecy.com\/wp-content\/uploads\/2025\/03\/1741765437188-513x1024.jpg\" alt=\"\" class=\"wp-image-1899\" srcset=\"http:\/\/www.chapelle-crecy.com\/wp-content\/uploads\/2025\/03\/1741765437188-513x1024.jpg 513w, http:\/\/www.chapelle-crecy.com\/wp-content\/uploads\/2025\/03\/1741765437188-150x300.jpg 150w, http:\/\/www.chapelle-crecy.com\/wp-content\/uploads\/2025\/03\/1741765437188.jpg 674w\" sizes=\"auto, (max-width: 513px) 100vw, 513px\" \/><\/figure>\n","protected":false},"excerpt":{"rendered":"<p>Voici l&rsquo;\u00e9dito de Antoine Pasquier de Familles Chr\u00e9tiennes \u00e0 l&rsquo;occasion du mercredi des cendres.<\/p>\n","protected":false},"author":1,"featured_media":0,"comment_status":"open","ping_status":"open","sticky":false,"template":"","format":"standard","meta":{"footnotes":""},"categories":[6],"tags":[],"class_list":["post-1898","post","type-post","status-publish","format-standard","hentry","category-careme"],"_links":{"self":[{"href":"http:\/\/www.chapelle-crecy.com\/index.php?rest_route=\/wp\/v2\/posts\/1898","targetHints":{"allow":["GET"]}}],"collection":[{"href":"http:\/\/www.chapelle-crecy.com\/index.php?rest_route=\/wp\/v2\/posts"}],"about":[{"href":"http:\/\/www.chapelle-crecy.com\/index.php?rest_route=\/wp\/v2\/types\/post"}],"author":[{"embeddable":true,"href":"http:\/\/www.chapelle-crecy.com\/index.php?rest_route=\/wp\/v2\/users\/1"}],"replies":[{"embeddable":true,"href":"http:\/\/www.chapelle-crecy.com\/index.php?rest_route=%2Fwp%2Fv2%2Fcomments&post=1898"}],"version-history":[{"count":1,"href":"http:\/\/www.chapelle-crecy.com\/index.php?rest_route=\/wp\/v2\/posts\/1898\/revisions"}],"predecessor-version":[{"id":1900,"href":"http:\/\/www.chapelle-crecy.com\/index.php?rest_route=\/wp\/v2\/posts\/1898\/revisions\/1900"}],"wp:attachment":[{"href":"http:\/\/www.chapelle-crecy.com\/index.php?rest_route=%2Fwp%2Fv2%2Fmedia&parent=1898"}],"wp:term":[{"taxonomy":"category","embeddable":true,"href":"http:\/\/www.chapelle-crecy.com\/index.php?rest_route=%2Fwp%2Fv2%2Fcategories&post=1898"},{"taxonomy":"post_tag","embeddable":true,"href":"http:\/\/www.chapelle-crecy.com\/index.php?rest_route=%2Fwp%2Fv2%2Ftags&post=1898"}],"curies":[{"name":"wp","href":"https:\/\/api.w.org\/{rel}","templated":true}]}}