{"id":190,"date":"2009-12-05T09:30:00","date_gmt":"2009-12-05T09:30:00","guid":{"rendered":""},"modified":"-0001-11-30T00:00:00","modified_gmt":"-0001-11-29T22:00:00","slug":"","status":"publish","type":"post","link":"http:\/\/www.chapelle-crecy.com\/?p=190","title":{"rendered":"Annonces de la semaine du 5 au 13 d\u00e9cembre 2009"},"content":{"rendered":"<table bgcolor =\"F0FAFF\" border=0>\n<tbody>\n<tr>\n<td>\n<div align=\"justify\">\n<div \"107\">Voici les annonces de la semaine du samedi 5 au dimanche 13 novembre pour la paroisse des 3 clochers Cr\u00e9cy-la-Chapelle, Villiers-sur-Morin, Voulangis.<\/div>\n<\/div>\n<\/td>\n<\/tr>\n<\/tbody>\n<\/table>\n<table bgcolor =\"F0FAFF\" border=1>\n<tbody>\n<tr>\n<td><font color=\"0020FF\">Samedi 5 d\u00e9cembre<\/font><\/td>\n<td><font color=\"0020FF\"><br \/>\n18 h 30 &#8211; messe \u00e0 Villiers pour Robert et Raymonde GUILLAUMY.<br \/>\n20 h 30 &#8211; Concert du Petit Choeur du Grand Morin et de l&rsquo;Ecole de Musique du Pays Cr\u00e9\u00e7ois \u00e0 l&rsquo;\u00e9glise de Cr\u00e9cy pour le TELETHON.<\/font><\/td>\n<\/tr>\n<tr>\n<td><font color=\"0020FF\">Dimanche 6 d\u00e9cembre<\/font><\/td>\n<td><font color=\"FF0000\">2\u00e8me dimanche de l&rsquo;Avent.<\/font><br \/><font color=\"0020FF\">9 h 30 &#8211; R\u00e9p\u00e9tition de chant \u00e0 l&rsquo;\u00e9glise de Cr\u00e9cy. Tous ceux qui aiment chanter sont invit\u00e9s.<br \/>\n10 h 30 &#8211; A Cr\u00e9cy messe pour la famille BLAVIER et Alphonse MOREL.<\/font><br \/>\nA  la fin de la Messe, les AMIS DU BURKINA FASO vous proposeront<br \/>\ncomme chaque ann\u00e9e, des bo \u00eetes de chocolats. Le produit de cette vente les aide \u00e0 financer leurs actions sur place. Merci de leur faire bon accueil.<\/td>\n<\/tr>\n<tr>\n<td width=150><font color=\"0020FF\">Lundi 7 d\u00e9cembre<\/font><\/td>\n<td><font color=\"0020FF\">14 h 30 &#8211; 18 R\u00e9union de l&rsquo;\u00e9quipe du Rosaire chez Mme LOUIS.<br \/>\n17 h  Messe \u00e0 la Maison de Retraite pour Roger FREMONT.<br \/>\n18 h &#8211; Messe \u00e0 Cr\u00e9cy pour Herv\u00e9 DEFLANDRE.<br \/>\n20 h 30  R\u00e9union des cat\u00e9chistes.<\/font><\/td>\n<\/tr>\n<tr>\n<td><font color=\"0020FF\">Mardi 8 d\u00e9cembre<\/font><\/td>\n<td><font color=\"0020FF\">18 h 30 &#8211; A Cr\u00e9cy , Messe pour Roger LECLERE.<\/font><\/td>\n<\/tr>\n<tr>\n<td><font color=\"0020FF\">Mercredi 9 d\u00e9cembre<\/font><\/td>\n<td><font color=\"0020FF\">15 h &#8211; A Villiers, obs\u00e8ques de Thierry GUY.<\/font><\/td>\n<\/tr>\n<tr>\n<td><font color=\"0020FF\">Samedi 12 novembre<\/font><\/td>\n<td><font color=\"0020FF\">14 h 30 \u00e0 16 h &#8211;  r\u00e9union de l&rsquo;Eveil \u00e0 la foi.<br \/>\n18 h 30 &#8211; messe \u00e0 Voulangis pour Andr\u00e9 GEORGIN.<br \/>\n20 h \u00e0 21 h 30 &#8211; R\u00e9union \u00e0 la salle paroissiale de l&rsquo;\u00e9quipe MEJ T\u00e9moins d&rsquo;Aujourd&rsquo;hui.<\/font><\/td>\n<\/tr>\n<tr>\n<td><font color=\"0020FF\">Dimanche 13 d\u00e9cembre<\/font><\/td>\n<td><font color=\"0020FF\">10 h 30  Messe \u00e0 Cr\u00e9cy pour les d\u00e9funts de la famille REYDEL-COSSON.<\/font><br \/>\nApr\u00e8s la messe, les enfants de la Cat\u00e9ch\u00e8se vous pr\u00e9senteront<br \/>\ndes petits objets qu&rsquo;ils ont confectionn\u00e9s. Le produit de cette vente est destin\u00e9 \u00e0 Madagascar, pour aider le P\u00e8re F\u00e9lix BEKALO, qui a \u00e9t\u00e9 notre pr\u00eatre pendant plusieurs mois, \u00e0 soulager de son mieux  la mis\u00e8re de son peuple.<\/td>\n<\/tr>\n<\/tbody>\n<\/table>\n","protected":false},"excerpt":{"rendered":"<p>Voici les annonces de la semaine du samedi 5 au dimanche 13 novembre pour la paroisse des 3 clochers Cr\u00e9cy-la-Chapelle, Villiers-sur-Morin, Voulangis. Samedi 5 d\u00e9cembre 18 h 30 &#8211; messe \u00e0 Villiers pour Robert&#46;&#46;&#46;<\/p>\n","protected":false},"author":2,"featured_media":0,"comment_status":"open","ping_status":"open","sticky":false,"template":"","format":"standard","meta":{"footnotes":""},"categories":[],"tags":[],"class_list":["post-190","post","type-post","status-publish","format-standard","hentry"],"_links":{"self":[{"href":"http:\/\/www.chapelle-crecy.com\/index.php?rest_route=\/wp\/v2\/posts\/190","targetHints":{"allow":["GET"]}}],"collection":[{"href":"http:\/\/www.chapelle-crecy.com\/index.php?rest_route=\/wp\/v2\/posts"}],"about":[{"href":"http:\/\/www.chapelle-crecy.com\/index.php?rest_route=\/wp\/v2\/types\/post"}],"author":[{"embeddable":true,"href":"http:\/\/www.chapelle-crecy.com\/index.php?rest_route=\/wp\/v2\/users\/2"}],"replies":[{"embeddable":true,"href":"http:\/\/www.chapelle-crecy.com\/index.php?rest_route=%2Fwp%2Fv2%2Fcomments&post=190"}],"version-history":[{"count":0,"href":"http:\/\/www.chapelle-crecy.com\/index.php?rest_route=\/wp\/v2\/posts\/190\/revisions"}],"wp:attachment":[{"href":"http:\/\/www.chapelle-crecy.com\/index.php?rest_route=%2Fwp%2Fv2%2Fmedia&parent=190"}],"wp:term":[{"taxonomy":"category","embeddable":true,"href":"http:\/\/www.chapelle-crecy.com\/index.php?rest_route=%2Fwp%2Fv2%2Fcategories&post=190"},{"taxonomy":"post_tag","embeddable":true,"href":"http:\/\/www.chapelle-crecy.com\/index.php?rest_route=%2Fwp%2Fv2%2Ftags&post=190"}],"curies":[{"name":"wp","href":"https:\/\/api.w.org\/{rel}","templated":true}]}}