{"id":1907,"date":"2025-03-16T18:00:00","date_gmt":"2025-03-16T17:00:00","guid":{"rendered":"https:\/\/www.chapelle-crecy.com\/?p=1907"},"modified":"2025-03-18T20:15:17","modified_gmt":"2025-03-18T19:15:17","slug":"annonces-du-17-au-23-mars-2025","status":"publish","type":"post","link":"http:\/\/www.chapelle-crecy.com\/?p=1907","title":{"rendered":"Annonces du 17 au 23 mars 2025"},"content":{"rendered":"<table>\n<tbody>\n<tr>\n<td style=\"text-align: left;\"><strong><u>Mardi 18 mars<\/u> :<\/strong><\/td>\n<td style=\"text-align: left;\"><strong><u>9h :<\/u> Messe au presbyt\u00e8re de Cr\u00e9cy.<br \/><u>20h :<\/u> Groupe de pri\u00e8re.<\/strong><\/td>\n<\/tr>\n<tr>\n<td style=\"text-align: left;\"><strong><u>Mercredi 19 mars<\/u> :<\/strong><\/td>\n<td style=\"text-align: left;\"><strong><u>14h30 :<\/u> Obs\u00e8ques de Rolande BONNEAU \u00e0 Villiers-Sur-Morin.<\/strong><\/td>\n<\/tr>\n<tr>\n<td style=\"text-align: left;\"><strong><u>Jeudi 20 mars\u00a0:<\/u><\/strong><\/td>\n<td style=\"text-align: left;\"><strong><u>9h :<\/u> Messe au presbyt\u00e8re de Cr\u00e9cy.<br \/>\n<u>10h :<\/u> Obs\u00e8ques \u00e0 Voulangis de Manuel DA ROCHA FERREIRA.<\/strong><\/td>\n<\/tr>\n<tr>\n<td style=\"text-align: left;\"><strong><u>Vendredi 21 mars\u00a0:<\/u><\/strong><\/td>\n<td style=\"text-align: left;\"><strong><u>15h :<\/u> Chemin de croix \u00e0 l\u2019\u00e9glise St Georges \u00e0 Cr\u00e9cy.<br \/>\n<u>18h :<\/u> Messe \u00e0 Cr\u00e9cy au presbyt\u00e8re suivie de l&rsquo;adoration du St sacrement.<\/strong><\/td>\n<\/tr>\n<tr>\n<td style=\"text-align: left;\"><strong><u>Samedi 22 mars<\/u> :<\/strong><\/td>\n<td style=\"text-align: left;\"><strong><u>18h30 :<\/u> Messe \u00e0 Voulangis.<br \/>Messe pour les d\u00e9funts de la Famille PRESSON-LATIEULE.<\/strong><\/td>\n<\/tr>\n<tr>\n<td style=\"text-align: left;\"><strong><u>Dimanche 23 mars<\/u> :<br \/>3\u00e8me dimanche de Car\u00eame<\/strong><\/td>\n<td style=\"text-align: left;\"><strong><u>10h30 :<\/u> Messe \u00e0 Villiers.<br \/>\n<u>15h : <\/u>Conf\u00e9rence sur l&rsquo;Islam par le P\u00e8re Fran\u00e7ois-Olivier \t\t\t              aux salles paroissiales.<\/strong><\/td>\n<\/tr>\n<\/tbody>\n<\/table>\n","protected":false},"excerpt":{"rendered":"<p>Mardi 18 mars : 9h : Messe au presbyt\u00e8re de Cr\u00e9cy.20h : Groupe de pri\u00e8re. Mercredi 19 mars : 14h30 : Obs\u00e8ques de Rolande BONNEAU \u00e0 Villiers-Sur-Morin. Jeudi 20 mars\u00a0: 9h : Messe au&#46;&#46;&#46;<\/p>\n","protected":false},"author":1,"featured_media":0,"comment_status":"open","ping_status":"open","sticky":false,"template":"","format":"standard","meta":{"footnotes":""},"categories":[2],"tags":[],"class_list":["post-1907","post","type-post","status-publish","format-standard","hentry","category-annonces"],"_links":{"self":[{"href":"http:\/\/www.chapelle-crecy.com\/index.php?rest_route=\/wp\/v2\/posts\/1907","targetHints":{"allow":["GET"]}}],"collection":[{"href":"http:\/\/www.chapelle-crecy.com\/index.php?rest_route=\/wp\/v2\/posts"}],"about":[{"href":"http:\/\/www.chapelle-crecy.com\/index.php?rest_route=\/wp\/v2\/types\/post"}],"author":[{"embeddable":true,"href":"http:\/\/www.chapelle-crecy.com\/index.php?rest_route=\/wp\/v2\/users\/1"}],"replies":[{"embeddable":true,"href":"http:\/\/www.chapelle-crecy.com\/index.php?rest_route=%2Fwp%2Fv2%2Fcomments&post=1907"}],"version-history":[{"count":3,"href":"http:\/\/www.chapelle-crecy.com\/index.php?rest_route=\/wp\/v2\/posts\/1907\/revisions"}],"predecessor-version":[{"id":1918,"href":"http:\/\/www.chapelle-crecy.com\/index.php?rest_route=\/wp\/v2\/posts\/1907\/revisions\/1918"}],"wp:attachment":[{"href":"http:\/\/www.chapelle-crecy.com\/index.php?rest_route=%2Fwp%2Fv2%2Fmedia&parent=1907"}],"wp:term":[{"taxonomy":"category","embeddable":true,"href":"http:\/\/www.chapelle-crecy.com\/index.php?rest_route=%2Fwp%2Fv2%2Fcategories&post=1907"},{"taxonomy":"post_tag","embeddable":true,"href":"http:\/\/www.chapelle-crecy.com\/index.php?rest_route=%2Fwp%2Fv2%2Ftags&post=1907"}],"curies":[{"name":"wp","href":"https:\/\/api.w.org\/{rel}","templated":true}]}}