{"id":1909,"date":"2025-03-18T14:03:50","date_gmt":"2025-03-18T13:03:50","guid":{"rendered":"https:\/\/www.chapelle-crecy.com\/?p=1909"},"modified":"2025-03-18T14:06:44","modified_gmt":"2025-03-18T13:06:44","slug":"laction-des-chretiens-pour-labolition-de-la-torture","status":"publish","type":"post","link":"http:\/\/www.chapelle-crecy.com\/?p=1909","title":{"rendered":"Action des chr\u00e9tiens pour l&rsquo;abolition de la torture"},"content":{"rendered":"\n<div align=\"justify\"><strong>PRESENTATION DE L\u2019ACAT<\/strong> &nbsp;<br>\n\n\n\nL&rsquo;<strong>Action des chr\u00e9tiens pour l&rsquo;abolition de la torture<\/strong> (<strong>ACAT<\/strong>), association fond\u00e9e en France en 1974, milite pour l\u2019abolition de&nbsp; la torture, pour l&rsquo;abolition universelle de la peine de mort, et pour la d\u00e9fense du droit d&rsquo;asile.<br>Association chr\u00e9tienne regroupant protestants, catholiques et orthodoxes, reconnue d&rsquo;utilit\u00e9 publique, impartiale et ind\u00e9pendante financi\u00e8rement, l&rsquo;ACAT France est membre de la Commission nationale consultative des droits de l&rsquo;homme aupr\u00e8s de l\u2019ONU et aupr\u00e8s du premier ministre fran\u00e7ais.<br>\n\n<br>\n\n<strong>MON IMPLICATION A L\u2019ACAT<\/strong><br>J\u2019ai adh\u00e9r\u00e9e \u00e0 l\u2019ACAT en 1988 tout \u00e0 fait par hasard et suis rest\u00e9e depuis engag\u00e9e dans l\u2019ACAT par convictions. Je suis convaincue que tout \u00eatre humain tient sa dignit\u00e9 de Dieu et que la torture est la n\u00e9gation absolue de la dignit\u00e9 propre \u00e0 chaque personne.<br>En effet, par les yeux de la foi, je vois en chaque femme ou homme subissant des exactions \u00e0 travers le monde un Christ portant sa croix&nbsp;: j\u2019entends leurs cris demandant justice. &nbsp;Me serait-il possible alors en d\u00e9tournant les yeux des tortur\u00e9s, des condamn\u00e9s \u00e0 mort, des exil\u00e9s, de regarder J\u00e9sus en croix&nbsp;en face? En les abandonnant \u00e0 leur triste sort, ne renierais-je par comme Pierre ma propre foi en Dieu&nbsp;? En ce Dieu plein d\u2019esp\u00e9rance ?<br>\n\n\n\nJ\u2019ai d\u2019abord \u00e9t\u00e9 partie prenante d&rsquo;un groupe local \u00e0 Chelles pendant quelques ann\u00e9es avant de devenir adh\u00e9rente individuelle du fait de mon travail et mon \u00e9loignement en province. Je suis correspondante d\u00e9partementale pour le d\u00e9partement de la Seine-et-Marne (77) depuis ma retraite en 2019 ainsi que membre de l&rsquo;Equipe d\u2019Animation R\u00e9gionale (EAR) de la R\u00e9gion 26 &#8211; \u00cele-de-France Nord-Est.<br>\n\n\n\nJ&rsquo;essaie \u00e0 la fois d&rsquo;enrichir les relations avec et entre les adh\u00e9rents et sympathisants du 77 et de d\u00e9velopper les actions de l\u2019ACAT sur le d\u00e9partement. J\u2019aide aussi \u00e0 l&rsquo;organisation des actions faites au niveau de la r\u00e9gion, notamment \u00e0 la pr\u00e9paration du Rassemblement R\u00e9gional annuel de l\u2019 ACAT et \u00e0 l&rsquo;\u00e9laboration du journal &nbsp;semestriel r\u00e9gional ACAT \u00ab&nbsp;Le Messager 26&nbsp;\u00bb.<br>\n\n<table><tbody><tr><td>\n\n<strong>Christine CHATELAIN<\/strong><\/td>\n\n\n\n<td><figure class=\"wp-block-image size-full\"><img loading=\"lazy\" decoding=\"async\" width=\"177\" height=\"180\" src=\"https:\/\/www.chapelle-crecy.com\/wp-content\/uploads\/2025\/03\/PHOTO-Christine-CHATELAIN.png\" alt=\"\" class=\"wp-image-1910\" srcset=\"http:\/\/www.chapelle-crecy.com\/wp-content\/uploads\/2025\/03\/PHOTO-Christine-CHATELAIN.png 177w, http:\/\/www.chapelle-crecy.com\/wp-content\/uploads\/2025\/03\/PHOTO-Christine-CHATELAIN-80x80.png 80w\" sizes=\"auto, (max-width: 177px) 100vw, 177px\" \/><\/figure><\/td><\/tr><\/tbody><\/table>\n\n\n\n<figure class=\"wp-block-image size-large\"><div align=\"center\"><img loading=\"lazy\" decoding=\"async\" width=\"724\" height=\"1024\" src=\"https:\/\/www.chapelle-crecy.com\/wp-content\/uploads\/2025\/03\/ACAT_28032025-724x1024.jpg\" alt=\"\" class=\"wp-image-1911\" srcset=\"http:\/\/www.chapelle-crecy.com\/wp-content\/uploads\/2025\/03\/ACAT_28032025-724x1024.jpg 724w, http:\/\/www.chapelle-crecy.com\/wp-content\/uploads\/2025\/03\/ACAT_28032025-212x300.jpg 212w, http:\/\/www.chapelle-crecy.com\/wp-content\/uploads\/2025\/03\/ACAT_28032025-768x1086.jpg 768w, http:\/\/www.chapelle-crecy.com\/wp-content\/uploads\/2025\/03\/ACAT_28032025-1086x1536.jpg 1086w, http:\/\/www.chapelle-crecy.com\/wp-content\/uploads\/2025\/03\/ACAT_28032025-1448x2048.jpg 1448w, http:\/\/www.chapelle-crecy.com\/wp-content\/uploads\/2025\/03\/ACAT_28032025.jpg 1653w\" sizes=\"auto, (max-width: 724px) 100vw, 724px\" \/><\/div><\/figure>\n","protected":false},"excerpt":{"rendered":"<p>PRESENTATION DE L\u2019ACAT &nbsp; L&rsquo;Action des chr\u00e9tiens pour l&rsquo;abolition de la torture (ACAT), association fond\u00e9e en France en 1974, milite pour l\u2019abolition de&nbsp; la torture, pour l&rsquo;abolition universelle de la peine de mort, et&#46;&#46;&#46;<\/p>\n","protected":false},"author":1,"featured_media":0,"comment_status":"open","ping_status":"open","sticky":false,"template":"","format":"standard","meta":{"footnotes":""},"categories":[6],"tags":[],"class_list":["post-1909","post","type-post","status-publish","format-standard","hentry","category-careme"],"_links":{"self":[{"href":"http:\/\/www.chapelle-crecy.com\/index.php?rest_route=\/wp\/v2\/posts\/1909","targetHints":{"allow":["GET"]}}],"collection":[{"href":"http:\/\/www.chapelle-crecy.com\/index.php?rest_route=\/wp\/v2\/posts"}],"about":[{"href":"http:\/\/www.chapelle-crecy.com\/index.php?rest_route=\/wp\/v2\/types\/post"}],"author":[{"embeddable":true,"href":"http:\/\/www.chapelle-crecy.com\/index.php?rest_route=\/wp\/v2\/users\/1"}],"replies":[{"embeddable":true,"href":"http:\/\/www.chapelle-crecy.com\/index.php?rest_route=%2Fwp%2Fv2%2Fcomments&post=1909"}],"version-history":[{"count":3,"href":"http:\/\/www.chapelle-crecy.com\/index.php?rest_route=\/wp\/v2\/posts\/1909\/revisions"}],"predecessor-version":[{"id":1915,"href":"http:\/\/www.chapelle-crecy.com\/index.php?rest_route=\/wp\/v2\/posts\/1909\/revisions\/1915"}],"wp:attachment":[{"href":"http:\/\/www.chapelle-crecy.com\/index.php?rest_route=%2Fwp%2Fv2%2Fmedia&parent=1909"}],"wp:term":[{"taxonomy":"category","embeddable":true,"href":"http:\/\/www.chapelle-crecy.com\/index.php?rest_route=%2Fwp%2Fv2%2Fcategories&post=1909"},{"taxonomy":"post_tag","embeddable":true,"href":"http:\/\/www.chapelle-crecy.com\/index.php?rest_route=%2Fwp%2Fv2%2Ftags&post=1909"}],"curies":[{"name":"wp","href":"https:\/\/api.w.org\/{rel}","templated":true}]}}