{"id":191,"date":"2009-12-12T14:00:07","date_gmt":"2009-12-12T14:00:07","guid":{"rendered":""},"modified":"-0001-11-30T00:00:00","modified_gmt":"-0001-11-29T22:00:00","slug":"","status":"publish","type":"post","link":"http:\/\/www.chapelle-crecy.com\/?p=191","title":{"rendered":"Annonces de la semaine du 14 au 20 d\u00e9cembre 2009"},"content":{"rendered":"<table bgcolor =\"F0FAFF\" border=0>\n<tbody>\n<tr>\n<td>\n<div align=\"justify\">\n<div \"108\">Voici les annonces de la semaine du lundi 14 au dimanche 20 d\u00e9cembre pour la paroisse des 3 clochers Cr\u00e9cy-la-Chapelle, Villiers-sur-Morin, Voulangis.<\/div>\n<\/div>\n<\/td>\n<\/tr>\n<\/tbody>\n<\/table>\n<table bgcolor =\"F0FAFF\" border=1>\n<tbody>\n<tr>\n<td width=150><font color=\"0020FF\">Lundi 14 d\u00e9cembre<\/font><\/td>\n<td><font color=\"0020FF\">14 h 30  R\u00e9union de l&rsquo;\u00e9quipe du Rosaire chez Mme ADAM.<br \/>\n17 h  Messe \u00e0 la Maison de Retraite pour Lucienne et Ren\u00e9 CHAPIGNON.<br \/>\n18 h  Messe \u00e0 Cr\u00e9cy pour  Bruno GRANDIDIER.<br \/>\n20 h 30 &#8211; r\u00e9union de l&rsquo;\u00e9quipe d&rsquo;animation pastorale.<\/font><\/td>\n<\/tr>\n<tr>\n<td><font color=\"0020FF\">Mardi 15 d\u00e9cembre<\/font><\/td>\n<td><font color=\"0020FF\">20 h &#8211;  Rassemblement de Cat\u00e9ch\u00e8se  \u00e0 Cr\u00e9cy.<\/font><\/td>\n<\/tr>\n<tr>\n<td><font color=\"0020FF\">Mercredi 16 d\u00e9cembre<\/font><\/td>\n<td><font color=\"0020FF\">16 h 30 &#8211;  A Villiers obs\u00e8ques de Evelyne PILOT.<\/font><\/td>\n<\/tr>\n<tr>\n<td><font color=\"0020FF\">Jeudi 17 d\u00e9cembre<\/font><\/td>\n<td><font color=\"0020FF\">18 h  Messe \u00e0 Cr\u00e9cy pour Muguette DUFOUR.<\/font><\/td>\n<\/tr>\n<tr>\n<td><font color=\"0020FF\">Vendredi 18 d\u00e9cembre<\/font><\/td>\n<td><font color=\"0020FF\">18 h &#8211;  Messe \u00e0 Cr\u00e9cy pour RIna CARPANEDO.<br \/>\n20 h 30  Spectacle  \u00ab Le Murmure du Grand Livre \u00bb \u00e0 la cath\u00e9drale de Meaux.<\/font><\/td>\n<\/tr>\n<tr>\n<td><font color=\"0020FF\">Samedi 19 d\u00e9cembre<\/font><\/td>\n<td><font color=\"0020FF\">de 9 h \u00e0 12 h &#8211;  Sacrement de R\u00e9conciliation au presbyt\u00e8re.<br \/>\n10 h \u00e0 11 h 30 &#8211; s\u00e9ance \u00e9quipe MEJ Jeunes T\u00e9moins \u00e0 la salle paroissiale.<br \/> <br \/>\n15 h  C\u00e9l\u00e9bration de No\u00ebl pour la Cat\u00e9ch\u00e8se sp\u00e9cialis\u00e9e.<br \/>\n18 h 30 &#8211;  Messe \u00e0 Villiers pour Alfred BOURLOIS.<\/font><\/td>\n<\/tr>\n<tr>\n<td><font color=\"0020FF\">Dimanche 20 d\u00e9cembre<\/font><\/td>\n<td><font color=\"0020FF\">10 h 30 &#8211;   A Cr\u00e9cy, Messe anniversaire  pour  Andr\u00e9 DAVY.<br \/>\n16 h 30 et 20 h 30- A la cath\u00e9drale de Meaux, spectacle \u00ab Le Murmure du Grand Livre \u00bb.<\/font><\/td>\n<\/tr>\n<\/tbody>\n<\/table>\n<p><b><font color=\"0040FF\">Samedi 19 et dimanche 20 : week-end rassemblement MEJ T\u00e9moins d&rsquo;Aujourd&rsquo;hui \u00e0 IGNY (91).<\/font><\/b><\/p>\n","protected":false},"excerpt":{"rendered":"<p>Voici les annonces de la semaine du lundi 14 au dimanche 20 d\u00e9cembre pour la paroisse des 3 clochers Cr\u00e9cy-la-Chapelle, Villiers-sur-Morin, Voulangis. Lundi 14 d\u00e9cembre 14 h 30 R\u00e9union de l&rsquo;\u00e9quipe du Rosaire chez&#46;&#46;&#46;<\/p>\n","protected":false},"author":2,"featured_media":0,"comment_status":"open","ping_status":"open","sticky":false,"template":"","format":"standard","meta":{"footnotes":""},"categories":[],"tags":[],"class_list":["post-191","post","type-post","status-publish","format-standard","hentry"],"_links":{"self":[{"href":"http:\/\/www.chapelle-crecy.com\/index.php?rest_route=\/wp\/v2\/posts\/191","targetHints":{"allow":["GET"]}}],"collection":[{"href":"http:\/\/www.chapelle-crecy.com\/index.php?rest_route=\/wp\/v2\/posts"}],"about":[{"href":"http:\/\/www.chapelle-crecy.com\/index.php?rest_route=\/wp\/v2\/types\/post"}],"author":[{"embeddable":true,"href":"http:\/\/www.chapelle-crecy.com\/index.php?rest_route=\/wp\/v2\/users\/2"}],"replies":[{"embeddable":true,"href":"http:\/\/www.chapelle-crecy.com\/index.php?rest_route=%2Fwp%2Fv2%2Fcomments&post=191"}],"version-history":[{"count":0,"href":"http:\/\/www.chapelle-crecy.com\/index.php?rest_route=\/wp\/v2\/posts\/191\/revisions"}],"wp:attachment":[{"href":"http:\/\/www.chapelle-crecy.com\/index.php?rest_route=%2Fwp%2Fv2%2Fmedia&parent=191"}],"wp:term":[{"taxonomy":"category","embeddable":true,"href":"http:\/\/www.chapelle-crecy.com\/index.php?rest_route=%2Fwp%2Fv2%2Fcategories&post=191"},{"taxonomy":"post_tag","embeddable":true,"href":"http:\/\/www.chapelle-crecy.com\/index.php?rest_route=%2Fwp%2Fv2%2Ftags&post=191"}],"curies":[{"name":"wp","href":"https:\/\/api.w.org\/{rel}","templated":true}]}}