{"id":192,"date":"2009-12-17T21:48:26","date_gmt":"2009-12-17T21:48:26","guid":{"rendered":""},"modified":"-0001-11-30T00:00:00","modified_gmt":"-0001-11-29T22:00:00","slug":"","status":"publish","type":"post","link":"http:\/\/www.chapelle-crecy.com\/?p=192","title":{"rendered":"Remerciements du B\u00e9nin"},"content":{"rendered":"<table bgcolor =\"F0FAFF\" border=0>\n<tbody>\n<tr>\n<td>\n<div align=\"justify\">\n<div \"109\">\n<div align=\"justify\">Le p\u00e8re Guillaume Chogoulou  a \u00e9crit \u00e0\u00a0 l&rsquo;association Amiti\u00e9 Brie B\u00e9nin pour remercier celle-ci des dons effectu\u00e9s \u00e0\u00a0 L&rsquo;association d&rsquo;Action pour le D\u00e9veloppement Rural, association qu&rsquo;a cr\u00e9\u00e9e notre ami Guillaume dans son pays afin de venir en aide aux populations au travers d&rsquo;un projet de d\u00e9veloppement. A l&rsquo;approche de no\u00f6l, ces remerciements pour la solidarit\u00e9 avec les plus pauvres et le bon souvenir du p\u00e8re Guillaume ne peuvent que nous faire grand plaisir.<\/div>\n<\/td>\n<\/tr>\n<\/tbody>\n<\/table>\n<div align=\"center\"><img decoding=\"async\" src=\"\/IMG\/doc\/lettre_addr.jpg\" width=600 border=0><\/div>\n","protected":false},"excerpt":{"rendered":"<p>Le p\u00e8re Guillaume Chogoulou a \u00e9crit \u00e0\u00a0 l&rsquo;association Amiti\u00e9 Brie B\u00e9nin pour remercier celle-ci des dons effectu\u00e9s \u00e0\u00a0 L&rsquo;association d&rsquo;Action pour le D\u00e9veloppement Rural, association qu&rsquo;a cr\u00e9\u00e9e notre ami Guillaume dans son pays afin&#46;&#46;&#46;<\/p>\n","protected":false},"author":2,"featured_media":0,"comment_status":"open","ping_status":"open","sticky":false,"template":"","format":"standard","meta":{"footnotes":""},"categories":[],"tags":[],"class_list":["post-192","post","type-post","status-publish","format-standard","hentry"],"_links":{"self":[{"href":"http:\/\/www.chapelle-crecy.com\/index.php?rest_route=\/wp\/v2\/posts\/192","targetHints":{"allow":["GET"]}}],"collection":[{"href":"http:\/\/www.chapelle-crecy.com\/index.php?rest_route=\/wp\/v2\/posts"}],"about":[{"href":"http:\/\/www.chapelle-crecy.com\/index.php?rest_route=\/wp\/v2\/types\/post"}],"author":[{"embeddable":true,"href":"http:\/\/www.chapelle-crecy.com\/index.php?rest_route=\/wp\/v2\/users\/2"}],"replies":[{"embeddable":true,"href":"http:\/\/www.chapelle-crecy.com\/index.php?rest_route=%2Fwp%2Fv2%2Fcomments&post=192"}],"version-history":[{"count":0,"href":"http:\/\/www.chapelle-crecy.com\/index.php?rest_route=\/wp\/v2\/posts\/192\/revisions"}],"wp:attachment":[{"href":"http:\/\/www.chapelle-crecy.com\/index.php?rest_route=%2Fwp%2Fv2%2Fmedia&parent=192"}],"wp:term":[{"taxonomy":"category","embeddable":true,"href":"http:\/\/www.chapelle-crecy.com\/index.php?rest_route=%2Fwp%2Fv2%2Fcategories&post=192"},{"taxonomy":"post_tag","embeddable":true,"href":"http:\/\/www.chapelle-crecy.com\/index.php?rest_route=%2Fwp%2Fv2%2Ftags&post=192"}],"curies":[{"name":"wp","href":"https:\/\/api.w.org\/{rel}","templated":true}]}}