{"id":1920,"date":"2025-03-22T08:29:03","date_gmt":"2025-03-22T07:29:03","guid":{"rendered":"https:\/\/www.chapelle-crecy.com\/?p=1920"},"modified":"2025-03-28T22:40:13","modified_gmt":"2025-03-28T21:40:13","slug":"annonces-du-22-mars-au-30-mars-2025","status":"publish","type":"post","link":"http:\/\/www.chapelle-crecy.com\/?p=1920","title":{"rendered":"Annonces du 22 mars au 30 mars 2025"},"content":{"rendered":"<table>\n<tbody>\n<tr>\n<td style=\"text-align: left;\"><strong><u>Samedi 22 mars<\/u> :<\/strong><\/td>\n<td style=\"text-align: left;\"><strong><u>18h30 :<\/u> Messe \u00e0 Voulangis.<br \/>Messe pour les d\u00e9funts de la Famille PRESSON-LATIEULE.<\/strong><\/td>\n<\/tr>\n<tr>\n<td style=\"text-align: left;\"><strong><u>Dimanche 23 mars<\/u> :<br \/>3\u00e8me dimanche de Car\u00eame<\/strong><\/td>\n<td style=\"text-align: left;\"><strong><u>10h30 :<\/u> Messe \u00e0 Villiers.<br \/>Messe pour Rolande BONNEAU inhum\u00e9e cette semaine.<br \/>\n<u>15h : <\/u>Conf\u00e9rence sur l&rsquo;Islam par le P\u00e8re Fran\u00e7ois-Olivier aux salles paroissiales.<\/strong><\/td>\n<\/tr>\n<tr>\n<td style=\"text-align: left;\"><strong><u>Mardi 25 mars<\/u> :<\/strong><\/td>\n<td style=\"text-align: left;\"><strong><u>9h :<\/u> Messe au presbyt\u00e8re de Cr\u00e9cy.<br \/><u>18h30 :<\/u> R\u00e9p\u00e9tition chorale.<\/strong><\/td>\n<\/tr>\n<tr>\n<td style=\"text-align: left;\"><strong><u>Jeudi 27 mars\u00a0:<\/u><\/strong><\/td>\n<td style=\"text-align: left;\"><strong><u>9h :<\/u> Messe au presbyt\u00e8re de Cr\u00e9cy.<\/strong><\/td>\n<\/tr>\n<tr>\n<td style=\"text-align: left;\"><strong><u>Vendredi 28 mars\u00a0:<\/u><\/strong><\/td>\n<td style=\"text-align: left;\"><strong><u>10h :<\/u> Obs\u00e8ques de Simo PUSKARIC \u00e0 Voulangis.<br \/>\n<u>15h :<\/u> Chemin de croix \u00e0 l\u2019\u00e9glise St Georges \u00e0 Cr\u00e9cy.<br \/>\n<u>18h :<\/u> Messe \u00e0 Cr\u00e9cy au presbyt\u00e8re suivie de l&rsquo;adoration du St sacrement.<br \/>\n<u>18h30 :<\/u> Table ronde sur les missions de l\u2019ACAT aux salles paroissiales suivi d\u2019un \u00ab bol de car\u00eame \u00bb tir\u00e9 du sac.<\/strong><\/td>\n<\/tr>\n<tr>\n<td style=\"text-align: left;\"><strong><u>Samedi 29 mars<\/u> :<\/strong><\/td>\n<td style=\"text-align: left;\"><strong>Confession de 9h \u00e0 12h au presbyt\u00e8re.<br \/><u>18h30 :<\/u> Messe \u00e0 Voulangis.<br \/>Messe pour Manuel DA ROCHA FERREIRA et Simo PUSKARIC inhum\u00e9s r\u00e9cemment.<\/strong><\/td>\n<\/tr>\n<tr>\n<td style=\"text-align: left;\"><strong><u>Dimanche 30 mars<\/u> :<br \/>4\u00e8me dimanche de Car\u00eame<\/strong><\/td>\n<td style=\"text-align: left;\"><strong><u>10h30 :<\/u> Messe \u00e0 Villiers.<br \/>\nMesse pour les 34 ans de mariage de la Famille BRIANE.<br \/> Messe pour tous les couples qui vont se marier en 2025 suivi d\u2019un repas partag\u00e9 \u00e0 la salle communale de Villiers.<br \/>\n<u>12h30 :<\/u> Repas fraternel partag\u00e9 \u00e0 la salle paroissiale pour les personnes seules.<br \/>\n<\/strong><\/td>\n<\/tr>\n<\/tbody>\n<\/table>\n","protected":false},"excerpt":{"rendered":"<p>Samedi 22 mars : 18h30 : Messe \u00e0 Voulangis.Messe pour les d\u00e9funts de la Famille PRESSON-LATIEULE. Dimanche 23 mars :3\u00e8me dimanche de Car\u00eame 10h30 : Messe \u00e0 Villiers.Messe pour Rolande BONNEAU inhum\u00e9e cette semaine.&#46;&#46;&#46;<\/p>\n","protected":false},"author":1,"featured_media":0,"comment_status":"open","ping_status":"open","sticky":false,"template":"","format":"standard","meta":{"footnotes":""},"categories":[2],"tags":[],"class_list":["post-1920","post","type-post","status-publish","format-standard","hentry","category-annonces"],"_links":{"self":[{"href":"http:\/\/www.chapelle-crecy.com\/index.php?rest_route=\/wp\/v2\/posts\/1920","targetHints":{"allow":["GET"]}}],"collection":[{"href":"http:\/\/www.chapelle-crecy.com\/index.php?rest_route=\/wp\/v2\/posts"}],"about":[{"href":"http:\/\/www.chapelle-crecy.com\/index.php?rest_route=\/wp\/v2\/types\/post"}],"author":[{"embeddable":true,"href":"http:\/\/www.chapelle-crecy.com\/index.php?rest_route=\/wp\/v2\/users\/1"}],"replies":[{"embeddable":true,"href":"http:\/\/www.chapelle-crecy.com\/index.php?rest_route=%2Fwp%2Fv2%2Fcomments&post=1920"}],"version-history":[{"count":4,"href":"http:\/\/www.chapelle-crecy.com\/index.php?rest_route=\/wp\/v2\/posts\/1920\/revisions"}],"predecessor-version":[{"id":1940,"href":"http:\/\/www.chapelle-crecy.com\/index.php?rest_route=\/wp\/v2\/posts\/1920\/revisions\/1940"}],"wp:attachment":[{"href":"http:\/\/www.chapelle-crecy.com\/index.php?rest_route=%2Fwp%2Fv2%2Fmedia&parent=1920"}],"wp:term":[{"taxonomy":"category","embeddable":true,"href":"http:\/\/www.chapelle-crecy.com\/index.php?rest_route=%2Fwp%2Fv2%2Fcategories&post=1920"},{"taxonomy":"post_tag","embeddable":true,"href":"http:\/\/www.chapelle-crecy.com\/index.php?rest_route=%2Fwp%2Fv2%2Ftags&post=1920"}],"curies":[{"name":"wp","href":"https:\/\/api.w.org\/{rel}","templated":true}]}}