{"id":193,"date":"2009-12-19T08:58:58","date_gmt":"2009-12-19T08:58:58","guid":{"rendered":""},"modified":"-0001-11-30T00:00:00","modified_gmt":"-0001-11-29T22:00:00","slug":"","status":"publish","type":"post","link":"http:\/\/www.chapelle-crecy.com\/?p=193","title":{"rendered":"Annonces de la semaine du 21 au 27 d\u00e9cembre 2009"},"content":{"rendered":"<table bgcolor =\"F0FAFF\" border=0>\n<tbody>\n<tr>\n<td>\n<div align=\"justify\">\n<div \"110\">Voici les annonces de la semaine du lundi 21 au dimanche 27 d\u00e9cembre pour la paroisse des 3 clochers Cr\u00e9cy-la-Chapelle, Villiers-sur-Morin, Voulangis.<br \/> Bonnes f\u00eates de no\u00f6l !<a><\/p>\n<\/div>\n<\/td>\n<\/tr>\n<\/tbody>\n<\/table>\n<table bgcolor =\"F0F6FF\" border=0>\n<tbody>\n<tr>\n<td>\n<tr>\n<td width=150><font color=\"00FF00\">Lundi 21 d\u00e9cembre<\/font><\/td>\n<td><font color=\"00FF00\">17 h &#8211; Messe \u00e0 la Maison de Retraite pour Janine DULLIN.<\/font><\/td>\n<td><font color=\"00FF00\"><br \/>\n20 h &#8211; C\u00e9l\u00e9bration P\u00e9nitentielle \u00e0 Cr\u00e9cy.<\/font><\/td>\n<\/tr>\n<tr>\n<td><font color=\"0020FF\">Mardi 22 d\u00e9cembre<\/font><\/td>\n<td><font color=\"0020FF\">9 h &#8211; Messe \u00e0 Cr\u00e9cy pour Anne et Ren\u00e9 COUVRI.<\/font><\/td>\n<td><font color=\"0020FF\"><\/p>\n<div align=\"center\"><img decoding=\"async\" src=\"\/IMG\/lieux\/stgeorges01.jpg\" ><\/fonT><\/td>\n<\/tr>\n<tr>\n<td><font color=\"0020FF\"><\/p>\n<div align=\"center\"><img decoding=\"async\" src=\"\/IMG\/lieux\/stgeorges03.jpg\" width=150><\/fonT><\/td>\n<td><font color=\"CC20AA\">Mercredi 23 d\u00e9cembre<\/font><\/td>\n<td><font color=\"CC20AA\">9 h -Messe \u00e0 Cr\u00e9cy pour la famille THION-MUNIER.<\/font><\/td>\n<\/tr>\n<tr>\n<td>\n<tr>\n<td><font color=\"00FF00\">Jeudi 24 d\u00e9cembre<\/font><\/td>\n<td><font color=\"00FF00\"><\/p>\n<h4>20 h 30 &#8211; Messe du Soir de No\u00ebl  \u00e0 Cr\u00e9cy.<\/h4>\n<p><\/font><\/td>\n<td><font color=\"00FF00\"><\/p>\n<div align=\"center\"><img decoding=\"async\" src=\"\/IMG\/gif\/noel_nativite002.gif\" width=150><\/fonT><\/td>\n<\/tr>\n<tr>\n<td><font color=\"0020FF\"><\/p>\n<div align=\"center\"><img decoding=\"async\" src=\"\/IMG\/gif\/noel_nativite019.gif\" width=150 ><\/div>\n<p><\/fonT><\/td>\n<td><font color=\"0020FF\">Vendredi 25 d\u00e9cembre<\/font><\/td>\n<td><font color=\"0020FF\"><\/p>\n<h4>10 h 30 &#8211; Messe de la Nativit\u00e9 du Seigneur \u00e0 Villiers.<\/h4>\n<p><\/font><\/td>\n<\/tr>\n<tr>\n<td><font color=\"CC20AA\">Samedi 26 d\u00e9cembre<\/font><\/td>\n<td><font color=\"CC20AA\">18 h 30 &#8211; Messe \u00e0 Voulangis pour Jean DEDIEU.<br \/><\/font><\/td>\n<td><font color=\"CC20AA\"><\/p>\n<div align=\"center\"><img decoding=\"async\" src=\"\/IMG\/gif\/creche13.gif\" ><\/div>\n<p><\/fonT><\/td>\n<\/tr>\n<tr>\n<td><font color=\"0020FF\"><\/p>\n<div align=\"center\"><img decoding=\"async\" src=\"\/IMG\/gif\/noel_nativite012.gif\"><\/div>\n<p><\/fonT><\/td>\n<td><font color=\"00FF00\">Dimanche 27 d\u00e9cembre<\/font><\/td>\n<td><font color=\"00FF00\">10 h 30  Messe \u00e0 Cr\u00e9cy pour Roland BARDOEL.<\/font><\/td>\n<\/tr>\n<\/tbody>\n<\/table>\n<div align=\"center\">\n<p><img decoding=\"async\" src=\"\/IMG\/gif\/noel_nativite009.gif\"> <\/div>\n<\/td>\n<\/tr>\n<\/tbody>\n<\/table>\n","protected":false},"excerpt":{"rendered":"<p>Voici les annonces de la semaine du lundi 21 au dimanche 27 d\u00e9cembre pour la paroisse des 3 clochers Cr\u00e9cy-la-Chapelle, Villiers-sur-Morin, Voulangis. Bonnes f\u00eates de no\u00f6l ! Lundi 21 d\u00e9cembre 17 h &#8211; Messe&#46;&#46;&#46;<\/p>\n","protected":false},"author":2,"featured_media":0,"comment_status":"open","ping_status":"open","sticky":false,"template":"","format":"standard","meta":{"footnotes":""},"categories":[],"tags":[],"class_list":["post-193","post","type-post","status-publish","format-standard","hentry"],"_links":{"self":[{"href":"http:\/\/www.chapelle-crecy.com\/index.php?rest_route=\/wp\/v2\/posts\/193","targetHints":{"allow":["GET"]}}],"collection":[{"href":"http:\/\/www.chapelle-crecy.com\/index.php?rest_route=\/wp\/v2\/posts"}],"about":[{"href":"http:\/\/www.chapelle-crecy.com\/index.php?rest_route=\/wp\/v2\/types\/post"}],"author":[{"embeddable":true,"href":"http:\/\/www.chapelle-crecy.com\/index.php?rest_route=\/wp\/v2\/users\/2"}],"replies":[{"embeddable":true,"href":"http:\/\/www.chapelle-crecy.com\/index.php?rest_route=%2Fwp%2Fv2%2Fcomments&post=193"}],"version-history":[{"count":0,"href":"http:\/\/www.chapelle-crecy.com\/index.php?rest_route=\/wp\/v2\/posts\/193\/revisions"}],"wp:attachment":[{"href":"http:\/\/www.chapelle-crecy.com\/index.php?rest_route=%2Fwp%2Fv2%2Fmedia&parent=193"}],"wp:term":[{"taxonomy":"category","embeddable":true,"href":"http:\/\/www.chapelle-crecy.com\/index.php?rest_route=%2Fwp%2Fv2%2Fcategories&post=193"},{"taxonomy":"post_tag","embeddable":true,"href":"http:\/\/www.chapelle-crecy.com\/index.php?rest_route=%2Fwp%2Fv2%2Ftags&post=193"}],"curies":[{"name":"wp","href":"https:\/\/api.w.org\/{rel}","templated":true}]}}