{"id":1937,"date":"2025-03-27T21:10:03","date_gmt":"2025-03-27T20:10:03","guid":{"rendered":"https:\/\/www.chapelle-crecy.com\/?p=1937"},"modified":"2025-03-27T21:10:03","modified_gmt":"2025-03-27T20:10:03","slug":"temps-de-priere-le-dimanche-6-avril-a-15h","status":"publish","type":"post","link":"http:\/\/www.chapelle-crecy.com\/?p=1937","title":{"rendered":"Temps de pri\u00e8re le dimanche 6 Avril \u00e0 15h"},"content":{"rendered":"<p>Eglise de Cr\u00e9cy-la-chapelle sur le th\u00e8me : Chemin de P\u00e2ques.<\/p>\n<div align=\"justify\">En cette ann\u00e9e de l\u2019esp\u00e9rance, proclam\u00e9e par le pape Fran\u00e7ois, la paroisse de Cr\u00e9cy organise un temps de pri\u00e8re sp\u00e9cialement pour nos d\u00e9funts que nous avons accompagn\u00e9s. Ce temps de pri\u00e8re s\u2019appelle chemin de P\u00e2ques.<br \/>\nLibrement inspir\u00e9 du Chemin de Lumi\u00e8re, pratiqu\u00e9 au sanctuaire de Montligeon, le Chemin de P\u00e2ques sera m\u00e9dit\u00e9 sur base de textes, de chants et de silences. Tout sera ax\u00e9 sur la r\u00e9surrection parce que c\u2019est dans l\u2019esp\u00e9rance de la r\u00e9surrection que nous enterrons nos membres de famille.<br \/>\nAu cours de la d\u00e9marche, nous \u00e9voquerons tous les d\u00e9funts de l\u2019ann\u00e9e et, \u00e0 la fin, chaque famille d\u00e9posera sur l\u2019autel une votive allum\u00e9e pour redire notre esp\u00e9rance au Christ ressuscit\u00e9, vainqueur de la mort et en\/par qui toute vie devient nouvelle !<br \/>\nN&rsquo;oublions jamais celles et ceux qui nous ont aim\u00e9s et qui ont donn\u00e9 le meilleur d&rsquo;eux-m\u00eames pour nous !<\/div>\n<p>Bienvenue \u00e0 Cr\u00e9cy<br \/>\nP. Antoine Dunia<\/p>\n\n\n<figure class=\"wp-block-image size-large\"><img loading=\"lazy\" decoding=\"async\" width=\"827\" height=\"1024\" src=\"https:\/\/www.chapelle-crecy.com\/wp-content\/uploads\/2025\/03\/PereAntoine-827x1024.jpg\" alt=\"\" class=\"wp-image-1938\" srcset=\"http:\/\/www.chapelle-crecy.com\/wp-content\/uploads\/2025\/03\/PereAntoine-827x1024.jpg 827w, http:\/\/www.chapelle-crecy.com\/wp-content\/uploads\/2025\/03\/PereAntoine-242x300.jpg 242w, http:\/\/www.chapelle-crecy.com\/wp-content\/uploads\/2025\/03\/PereAntoine-768x951.jpg 768w, http:\/\/www.chapelle-crecy.com\/wp-content\/uploads\/2025\/03\/PereAntoine-1240x1536.jpg 1240w, http:\/\/www.chapelle-crecy.com\/wp-content\/uploads\/2025\/03\/PereAntoine-1654x2048.jpg 1654w, http:\/\/www.chapelle-crecy.com\/wp-content\/uploads\/2025\/03\/PereAntoine.jpg 1771w\" sizes=\"auto, (max-width: 827px) 100vw, 827px\" \/><\/figure>\n","protected":false},"excerpt":{"rendered":"<p>Eglise de Cr\u00e9cy-la-chapelle sur le th\u00e8me : Chemin de P\u00e2ques. En cette ann\u00e9e de l\u2019esp\u00e9rance, proclam\u00e9e par le pape Fran\u00e7ois, la paroisse de Cr\u00e9cy organise un temps de pri\u00e8re sp\u00e9cialement pour nos d\u00e9funts que&#46;&#46;&#46;<\/p>\n","protected":false},"author":1,"featured_media":0,"comment_status":"open","ping_status":"open","sticky":false,"template":"","format":"standard","meta":{"footnotes":""},"categories":[6],"tags":[],"class_list":["post-1937","post","type-post","status-publish","format-standard","hentry","category-careme"],"_links":{"self":[{"href":"http:\/\/www.chapelle-crecy.com\/index.php?rest_route=\/wp\/v2\/posts\/1937","targetHints":{"allow":["GET"]}}],"collection":[{"href":"http:\/\/www.chapelle-crecy.com\/index.php?rest_route=\/wp\/v2\/posts"}],"about":[{"href":"http:\/\/www.chapelle-crecy.com\/index.php?rest_route=\/wp\/v2\/types\/post"}],"author":[{"embeddable":true,"href":"http:\/\/www.chapelle-crecy.com\/index.php?rest_route=\/wp\/v2\/users\/1"}],"replies":[{"embeddable":true,"href":"http:\/\/www.chapelle-crecy.com\/index.php?rest_route=%2Fwp%2Fv2%2Fcomments&post=1937"}],"version-history":[{"count":1,"href":"http:\/\/www.chapelle-crecy.com\/index.php?rest_route=\/wp\/v2\/posts\/1937\/revisions"}],"predecessor-version":[{"id":1939,"href":"http:\/\/www.chapelle-crecy.com\/index.php?rest_route=\/wp\/v2\/posts\/1937\/revisions\/1939"}],"wp:attachment":[{"href":"http:\/\/www.chapelle-crecy.com\/index.php?rest_route=%2Fwp%2Fv2%2Fmedia&parent=1937"}],"wp:term":[{"taxonomy":"category","embeddable":true,"href":"http:\/\/www.chapelle-crecy.com\/index.php?rest_route=%2Fwp%2Fv2%2Fcategories&post=1937"},{"taxonomy":"post_tag","embeddable":true,"href":"http:\/\/www.chapelle-crecy.com\/index.php?rest_route=%2Fwp%2Fv2%2Ftags&post=1937"}],"curies":[{"name":"wp","href":"https:\/\/api.w.org\/{rel}","templated":true}]}}