{"id":194,"date":"2009-12-28T17:06:29","date_gmt":"2009-12-28T17:06:29","guid":{"rendered":""},"modified":"-0001-11-30T00:00:00","modified_gmt":"-0001-11-29T22:00:00","slug":"","status":"publish","type":"post","link":"http:\/\/www.chapelle-crecy.com\/?p=194","title":{"rendered":"Annonces de la semaine du 27 d\u00e9cembre au 3 janvier 2009"},"content":{"rendered":"<table bgcolor =\"F0FAFF\" border=0>\n<tbody>\n<tr>\n<td>\n<div align=\"justify\">\n<div \"111\">Voici les annonces de la semaine du lundi 28 d\u00e9cembre 2009 au dimanche 3 janvier 2010 pour la paroisse des 3 clochers Cr\u00e9cy-la-Chapelle, Villiers-sur-Morin, Voulangis.<br \/> Bonne ann\u00e9e \u00e0\u00a0 tous et \u00e0\u00a0 chacun!<a><\/p>\n<\/div>\n<\/td>\n<\/tr>\n<\/tbody>\n<\/table>\n<table bgcolor =\"F0F6FF\" border=0>\n<tbody>\n<tr>\n<td><font color=\"0020FF\">Lundi 28 d\u00e9cembre<\/font><\/td>\n<td><font color=\"0020FF\"> 17h &#8211; Messe \u00e0 la Maison de Retraite pour Jean DESLANDES &#8211; Pas de messe en paroisse <\/font><\/td>\n<\/tr>\n<tr>\n<td><font color=\"0020FF\">Mardi 29 d\u00e9cembre<\/font><\/td>\n<td><font color=\"0020FF\">  9 h  Messe \u00e0 Cr\u00e9cy pour Maurice MOTTET<\/font><\/td>\n<\/tr>\n<tr>\n<td><font color=\"0020FF\">Mercredi 30 d\u00e9cembre<\/font><\/td>\n<td><font color=\"0020FF\"> 18 h &#8211;  Messe \u00e0 Cr\u00e9cy pour Josiane MARTIN<\/font><\/td>\n<\/tr>\n<tr>\n<td><font color=\"0020FF\">Jeudi 31 d\u00e9cembre<\/font><\/td>\n<td><font color=\"0020FF\"> 18h30 &#8211; Messe \u00e0 Cr\u00e9cy pour Danielle LAURENT<\/font><\/td>\n<\/tr>\n<tr>\n<td><font color=\"0020FF\">Vendredi 1er janvier<\/font><\/td>\n<td><font color=\"0020FF\"> 10 h 30 &#8211;  Messe \u00e0 Cr\u00e9cy pour Andr\u00e9e PHILIPPE<\/font><\/td>\n<\/tr>\n<tr>\n<td><font color=\"0020FF\">Samedi 2 janvier<\/font><\/td>\n<td><font color=\"0020FF\"> 18 h 30 &#8211; Messe \u00e0 Villiers pour Maria LEGENDRE<\/font><\/td>\n<\/tr>\n<tr>\n<td><font color=\"0020FF\">Dimanche 3 janvier &#8211; Epiphanie<\/font><\/td>\n<td><font color=\"0020FF\"> 10 h 30 &#8211;   Messe \u00e0 Cr\u00e9cy pour Julien GONZALES<\/font><\/td>\n<\/tr>\n<\/tbody>\n<\/table>\n","protected":false},"excerpt":{"rendered":"<p>Voici les annonces de la semaine du lundi 28 d\u00e9cembre 2009 au dimanche 3 janvier 2010 pour la paroisse des 3 clochers Cr\u00e9cy-la-Chapelle, Villiers-sur-Morin, Voulangis. Bonne ann\u00e9e \u00e0\u00a0 tous et \u00e0\u00a0 chacun! Lundi 28&#46;&#46;&#46;<\/p>\n","protected":false},"author":2,"featured_media":0,"comment_status":"open","ping_status":"open","sticky":false,"template":"","format":"standard","meta":{"footnotes":""},"categories":[],"tags":[],"class_list":["post-194","post","type-post","status-publish","format-standard","hentry"],"_links":{"self":[{"href":"http:\/\/www.chapelle-crecy.com\/index.php?rest_route=\/wp\/v2\/posts\/194","targetHints":{"allow":["GET"]}}],"collection":[{"href":"http:\/\/www.chapelle-crecy.com\/index.php?rest_route=\/wp\/v2\/posts"}],"about":[{"href":"http:\/\/www.chapelle-crecy.com\/index.php?rest_route=\/wp\/v2\/types\/post"}],"author":[{"embeddable":true,"href":"http:\/\/www.chapelle-crecy.com\/index.php?rest_route=\/wp\/v2\/users\/2"}],"replies":[{"embeddable":true,"href":"http:\/\/www.chapelle-crecy.com\/index.php?rest_route=%2Fwp%2Fv2%2Fcomments&post=194"}],"version-history":[{"count":0,"href":"http:\/\/www.chapelle-crecy.com\/index.php?rest_route=\/wp\/v2\/posts\/194\/revisions"}],"wp:attachment":[{"href":"http:\/\/www.chapelle-crecy.com\/index.php?rest_route=%2Fwp%2Fv2%2Fmedia&parent=194"}],"wp:term":[{"taxonomy":"category","embeddable":true,"href":"http:\/\/www.chapelle-crecy.com\/index.php?rest_route=%2Fwp%2Fv2%2Fcategories&post=194"},{"taxonomy":"post_tag","embeddable":true,"href":"http:\/\/www.chapelle-crecy.com\/index.php?rest_route=%2Fwp%2Fv2%2Ftags&post=194"}],"curies":[{"name":"wp","href":"https:\/\/api.w.org\/{rel}","templated":true}]}}